{"id":702,"date":"2020-04-13T03:25:45","date_gmt":"2020-04-13T03:25:45","guid":{"rendered":"https:\/\/www.seguros-impagoalquiler.es\/blog\/?p=702"},"modified":"2020-04-22T03:30:56","modified_gmt":"2020-04-22T03:30:56","slug":"ayudas-al-alquiler-en-asturias-seran-maximo-de-500-euros-por-seis-meses","status":"publish","type":"post","link":"https:\/\/www.seguros-impagoalquiler.es\/blog\/ayudas-al-alquiler-en-asturias-seran-maximo-de-500-euros-por-seis-meses\/04\/2020\/","title":{"rendered":"Ayudas al alquiler en Asturias ser\u00e1n m\u00e1ximo de 500 euros por seis meses"},"content":{"rendered":"<p>La subvenci\u00f3n decretada por la crisis ocasionada por el coronavirus, para <strong>ayudas de alquiler ser\u00e1 de 500 euros por mes<\/strong>. Esta ayuda se otorgar\u00e1 a las familias afectadas por la pandemia y se mantendr\u00e1 <strong>durante 6 meses<\/strong>. Las solicitudes se publicaron en el Bolet\u00edn Oficial del Principado (Bopa) del 19 de abril. Y para optar a ella se deben presentar en el per\u00edodo del <strong>20 de abril al 30 de septiembre<\/strong>.<\/p>\n<p>Todas las familias que se vieron afectadas econ\u00f3micamente por la pandemia, podr\u00e1n solicitarla a trav\u00e9s de una l\u00ednea directa que se ha activado para este fin, por parte de La Consejer\u00eda de Derechos Sociales y Bienestar. Se realizar\u00e1 el tr\u00e1mite de acuerdo a como se vayan recibiendo, por orden de solicitud y se abonar\u00e1 en un \u00fanico pago.<\/p>\n<p>Los fondos se dirigir\u00e1n directamente a los propietarios de las viviendas para abonar las mensualidades correspondientes al alquiler, de abril a septiembre. De esta forma se garantizar\u00e1 al propietario el pago del alquiler y el destino de las ayudas. Para tramitar la ayuda solo se debe llenar un formulario haciendo una declaraci\u00f3n responsable.<\/p>\n<p>Y podr\u00e1 llenarlo a trav\u00e9s de su m\u00f3vil u ordenador.<strong>\u00a0<\/strong>En esa p\u00e1gina web tambi\u00e9n encontrar\u00e1 los requisitos que son necesarios presentar, para ser elegible a la ayuda.<\/p>\n<p>En el aparte de consejer\u00eda de derechos sociales y bienestar, en la <strong>Resoluci\u00f3n de 15 de abril de 2020<\/strong> se aprueba el Plan Estrat\u00e9gico de<strong> Subvenciones para el per\u00edodo 2020-2022.\u00a0<\/strong><\/p>\n<p>Tambi\u00e9n debe buscar en la <strong>resoluci\u00f3n de 16 de abril de 2020. P<\/strong>or la cual se convocan subvenciones para ayudar a disminuir el impacto econ\u00f3mico y social de la COVID-19 en los <strong>alquileres de vivienda principal o \u00a0habitual<\/strong>.<\/p>\n<p>Contrate siempre el mejor <a href=\"https:\/\/www.seguros-impagoalquiler.es\/\">seguro de impago de alquiler<\/a> y mant\u00e9ngase siempre protegido<\/p>\n<h2>Quienes son susceptibles a esta subvenci\u00f3n<\/h2>\n<p>Las personas que son susceptibles a recibir esta ayuda son todas aquellas que a partir del 1 de marzo <strong>quedaron en paro<\/strong>. As\u00ed mismo, las <strong>personas afectadas por un expediente de regulaci\u00f3n temporal<\/strong> de empleo (ERTE) a partir de la misma fecha.<\/p>\n<p>Tambi\u00e9n son sujetas a esta subvenci\u00f3n los <strong>aut\u00f3nomos<\/strong> que a causa del coronavirus, hayan cesado o redujeron su actividad laboral. A causa de la necesidad de cuidar a otras personas afectadas por el coronavirus, a partir del 1 de marzo. Asimismo, las <strong>familias donde sus ingresos econ\u00f3micos no superen los 400 euro<\/strong>s desde el 14 de marzo.<\/p>\n<p>En este sentido expresa Melania \u00c1lvarez, consejera de Derechos Sociales y Bienestar que \u201cPara esta consejer\u00eda, garantizar que la poblaci\u00f3n m\u00e1s vulnerable tenga acceso a una vivienda siempre ha sido una de nuestras prioridades y lo es, m\u00e1s si cabe, en estos momentos de crisis\u201d. Por tal raz\u00f3n se ha trabajado tambi\u00e9n en algunas medidas complementarias.<\/p>\n<blockquote><p>Revise ahora los mejores seguros de <a href=\"https:\/\/www.seguroslowcost.es\/seguros-impago-alquiler-lowcost.html\" target=\"_blank\" rel=\"noopener\">impago de alquiler low cost<\/a> para que cuente siempre con la mejor opci\u00f3n<\/p><\/blockquote>\n<p>Entre las que se encuentran, la implantaci\u00f3n de nuevos programas, para que las familias m\u00e1s vulnerables tengan acceso a la vivienda. Y ser\u00e1n <strong>prioritarias las v\u00edctimas de violencia de g\u00e9nero y trata<\/strong>. As\u00ed como las <strong>personas que no tienen ninguna vivienda y los j\u00f3venes ex tutelados<\/strong>. Tambi\u00e9n ser\u00e1n prioritarias para la ayuda las personas que hayan estado en alg\u00fan centro penitenciario.<\/p>\n<p>En tal sentido afirma Melania \u00c1lvarez, que \u201cno es casualidad que sea el director general de Vivienda, Ferm\u00edn Bravo, el representante de la Consejer\u00eda de Derechos Sociales y Bienestar en el Grupo de Emergencia de Acci\u00f3n Social\u201d.<\/p>\n<p>A trav\u00e9s de esta consejer\u00eda se busca \u201c\u2026conocer de primera mano los problemas de las personas vulnerables. Para tambi\u00e9n poder coordinar y articular mejor nuestras respuestas a trav\u00e9s de los alojamiento de emergencia con los que cuenta nuestra regi\u00f3n\u201d.<\/p>\n<p>De la misma forma expuso la Consejera de Derechos Sociales, que se est\u00e1 trabajando conjuntamente con el gobierno central. Enfocados en <strong>impulsar acciones para prevenir en lo posible, \u00a0los desahucios por impagos de hipoteca o por impago de alquiler<\/strong>.<\/p>\n<p>Quedan <strong>excluidos <\/strong>de esta subvenci\u00f3n \u201clos arrendatarios\/as de vivienda titularidad del Principado de Asturias, de los Ayuntamientos asturianos o de las Sociedades y Entidades Municipales de estos \u00faltimos\u201d. Asimismo, \u201cquedan excluidos\u2026los contratos de arrendamiento de temporada de estudiantes o vacacionales\u201d.<\/p>\n<blockquote><p>Utilice siempre el mejor <a href=\"http:\/\/www.seguros-generales.es\" target=\"_blank\" rel=\"noopener\">comparador de seguros de impago de alquiler<\/a> para encontrar la mejor opci\u00f3n del mercado<\/p><\/blockquote>\n","protected":false},"excerpt":{"rendered":"<p>La subvenci\u00f3n decretada por la crisis ocasionada por el coronavirus, para ayudas de alquiler ser\u00e1 de 500 euros por mes. Esta ayuda se otorgar\u00e1 a las familias afectadas por la pandemia y se mantendr\u00e1 durante 6 meses. Las solicitudes se publicaron en el Bolet\u00edn Oficial del Principado (Bopa) del 19 de abril. Y para optar [&hellip;]<\/p>\n","protected":false},"author":1,"featured_media":703,"comment_status":"open","ping_status":"open","sticky":false,"template":"","format":"standard","meta":{"_et_pb_use_builder":"","_et_pb_old_content":"","_et_gb_content_width":"","footnotes":""},"categories":[158,14],"tags":[],"class_list":["post-702","post","type-post","status-publish","format-standard","has-post-thumbnail","hentry","category-alquileres","category-novedades"],"_links":{"self":[{"href":"https:\/\/www.seguros-impagoalquiler.es\/blog\/wp-json\/wp\/v2\/posts\/702","targetHints":{"allow":["GET"]}}],"collection":[{"href":"https:\/\/www.seguros-impagoalquiler.es\/blog\/wp-json\/wp\/v2\/posts"}],"about":[{"href":"https:\/\/www.seguros-impagoalquiler.es\/blog\/wp-json\/wp\/v2\/types\/post"}],"author":[{"embeddable":true,"href":"https:\/\/www.seguros-impagoalquiler.es\/blog\/wp-json\/wp\/v2\/users\/1"}],"replies":[{"embeddable":true,"href":"https:\/\/www.seguros-impagoalquiler.es\/blog\/wp-json\/wp\/v2\/comments?post=702"}],"version-history":[{"count":0,"href":"https:\/\/www.seguros-impagoalquiler.es\/blog\/wp-json\/wp\/v2\/posts\/702\/revisions"}],"wp:featuredmedia":[{"embeddable":true,"href":"https:\/\/www.seguros-impagoalquiler.es\/blog\/wp-json\/wp\/v2\/media\/703"}],"wp:attachment":[{"href":"https:\/\/www.seguros-impagoalquiler.es\/blog\/wp-json\/wp\/v2\/media?parent=702"}],"wp:term":[{"taxonomy":"category","embeddable":true,"href":"https:\/\/www.seguros-impagoalquiler.es\/blog\/wp-json\/wp\/v2\/categories?post=702"},{"taxonomy":"post_tag","embeddable":true,"href":"https:\/\/www.seguros-impagoalquiler.es\/blog\/wp-json\/wp\/v2\/tags?post=702"}],"curies":[{"name":"wp","href":"https:\/\/api.w.org\/{rel}","templated":true}]}}