{"id":691,"date":"2020-03-23T21:18:06","date_gmt":"2020-03-23T21:18:06","guid":{"rendered":"https:\/\/www.seguros-impagoalquiler.es\/blog\/?p=691"},"modified":"2020-03-31T21:25:09","modified_gmt":"2020-03-31T21:25:09","slug":"se-espera-por-decision-del-gobierno-sobre-alquileres-de-viviendas","status":"publish","type":"post","link":"https:\/\/www.seguros-impagoalquiler.es\/blog\/se-espera-por-decision-del-gobierno-sobre-alquileres-de-viviendas\/03\/2020\/","title":{"rendered":"Se espera por decisi\u00f3n del Gobierno sobre alquileres de viviendas"},"content":{"rendered":"<p>El gobierno de Espa\u00f1a est\u00e1 discutiendo algunas <strong>medidas sobre el pago del alquiler de viviendas y locales comerciales<\/strong>, <strong>debido a la crisis del coronavirus<\/strong>. En este sentido, el gobierno de Pedro S\u00e1nchez se comprometi\u00f3 en la reuni\u00f3n del d\u00eda mi\u00e9rcoles pasado, a analizar la posibilidad de la suspensi\u00f3n de dos meses del alquiler.<\/p>\n<blockquote><p>Contrate siempre el mejor <a href=\"https:\/\/www.seguros-impagoalquiler.es\/\">seguro de impago de alquiler<\/a> y mant\u00e9ngase siempre protegido<\/p><\/blockquote>\n<p>As\u00ed como la puesta en marcha de una renta m\u00ednima ciudadana con el fin de apoyar a los ciudadanos m\u00e1s vulnerables. Estas medidas est\u00e1n orientadas a aquellas personas que a causa del coronavirus tienen problemas para cancelar el alquiler. Pues alrededor de 130.000 trabajadores han solicitado la baja laboral a consecuencia de la crisis del coronavirus.<\/p>\n<p>As\u00ed mismo se continuar\u00e1n considerando todas aquellas alternativas que se estimen requeridas para sobrellevar esta crisis. La informaci\u00f3n que suministr\u00f3 la ministra Claudia Calvi\u00f1o en la reuni\u00f3n pasada, busca minimizar el riesgo del impacto del coronavirus en la estructura de la econom\u00eda espa\u00f1ola.<\/p>\n<p>Es importante destacar que en el mercado de alquiler operan tanto entidades p\u00fablicas, como grandes propietarios de viviendas, profesionales y personas que tienen el alquiler como una renta para sus gastos mensuales.<\/p>\n<p>As\u00ed mismo inform\u00f3 que el ejecutivo \u201cest\u00e1 trabajando en otras medidas complementarias que puedan ser necesarias en las pr\u00f3ximas semanas\u201d.<\/p>\n<p>Jos\u00e9 Lu\u00eds Escriv\u00e1, ministro de Migraciones y Seguridad Social, se\u00f1al\u00f3 que entre las medidas que se analizan, se considera un ingreso vital m\u00ednimo para los m\u00e1s fuertemente impactados. De la cual se est\u00e1 estudiando cual ser\u00eda la cuant\u00eda, alcance y duraci\u00f3n de esa renta.<\/p>\n<blockquote><p>Revise ahora los mejores seguros de <a href=\"https:\/\/www.seguroslowcost.es\/seguros-impago-alquiler-lowcost.html\" target=\"_blank\" rel=\"noopener\">impago de alquiler low cost<\/a> para que cuente siempre con la mejor opci\u00f3n<\/p><\/blockquote>\n<h2>Se analiza una posible ayuda para los inquilinos<\/h2>\n<p>El ministro de Migraciones y Seguridad Social destac\u00f3 la solicitud de baja de 130 mil trabajadores a consecuencia del coronavirus. Donde se incluyen tanto empleados que han sido contagiados con CONVID-19 como tambi\u00e9n aquellos que se encuentran en cuarentena.<\/p>\n<p>Asimismo, asegur\u00f3 que alrededor de 50 mil aut\u00f3nomos ya han recurrido al gobierno solicitando su ayuda. La cual estima la cantidad de m\u00ednimo 661 euros adem\u00e1s de la exoneraci\u00f3n de la cuota mensual, que se considera como m\u00ednimo 288 euros.<\/p>\n<p>Esta es una de las medidas, junto a la solicitud de aprobaci\u00f3n de una <strong>ayuda para los inquilinos que han sido impactados<\/strong> fuertemente por la crisis del coronavirus, que est\u00e1 trabajando el vicepresidente Pablo Iglesias y su equipo de trabajo.<\/p>\n<p>Se plantea que se <strong>suspendan las cuotas mensuales del alquiler<\/strong> para todas aquellas personas que no tengan la capacidad para hacer frente al pago, debido al impacto de la crisis. Bien sea por p\u00e9rdida del empleo o por aplicaci\u00f3n de un ERTE. En caso de que sean aut\u00f3nomos o pymes, tambi\u00e9n se aplicar\u00e1 al igual que en las viviendas, la suspensi\u00f3n de las cuotas del alquiler. Bien sean locales u oficinas.<\/p>\n<p>El coste que implica esta medida, no es insignificante. Pues las arcas p\u00fablicas deben asumir el monto de la suspensi\u00f3n del pago de <strong>dos meses de alquiler<\/strong>, en un inicio. <strong>Posiblemente prorrogable hasta que finalice el estado de alarma<\/strong> del pa\u00eds o u inclusive un mes posterior a esta.<\/p>\n<p>A parte de ello, en vista de que la medida contempla una suspensi\u00f3n del pago del alquiler, tambi\u00e9n se debe incluir, la compensaci\u00f3n para los due\u00f1os de la vivienda o establecimientos. Compensaci\u00f3n \u00a0econ\u00f3mica que a su vez tendr\u00eda car\u00e1cter progresivo, de acuerdo al n\u00famero de inmuebles que el arrendador tenga en propiedad, en el mercado de alquiler.<\/p>\n<p>Cuando se trata de propietarios que tengan hasta un total de dos inmuebles en el mercado, el monto de la <strong>compensaci\u00f3n alcanzar\u00eda el 100%<\/strong> de la cantidad total. Pero en caso de que se trate de propietarios con m\u00e1s de 8 inmuebles alquilados, la cantidad a recibir ser\u00eda del <strong>5%<\/strong> del monto total.<\/p>\n<p>Por otra parte, se obligar\u00e1 a los propietarios a no aumentar en forma excesiva los montos de los contratos de alquiler. Por lo menos durante los seis meses despu\u00e9s a que se d\u00e9 por finalizada la medida.<\/p>\n<blockquote><p>Utilice siempre el mejor c<a href=\"http:\/\/www.seguros-generales.es\" target=\"_blank\" rel=\"noopener\">omparador de seguros de impago de alquiler<\/a> para encontrar la mejor opci\u00f3n del mercado<\/p><\/blockquote>\n","protected":false},"excerpt":{"rendered":"<p>El gobierno de Espa\u00f1a est\u00e1 discutiendo algunas medidas sobre el pago del alquiler de viviendas y locales comerciales, debido a la crisis del coronavirus. En este sentido, el gobierno de Pedro S\u00e1nchez se comprometi\u00f3 en la reuni\u00f3n del d\u00eda mi\u00e9rcoles pasado, a analizar la posibilidad de la suspensi\u00f3n de dos meses del alquiler. Contrate siempre [&hellip;]<\/p>\n","protected":false},"author":1,"featured_media":693,"comment_status":"open","ping_status":"open","sticky":false,"template":"","format":"standard","meta":{"_et_pb_use_builder":"","_et_pb_old_content":"","_et_gb_content_width":"","footnotes":""},"categories":[158],"tags":[],"class_list":["post-691","post","type-post","status-publish","format-standard","has-post-thumbnail","hentry","category-alquileres"],"_links":{"self":[{"href":"https:\/\/www.seguros-impagoalquiler.es\/blog\/wp-json\/wp\/v2\/posts\/691","targetHints":{"allow":["GET"]}}],"collection":[{"href":"https:\/\/www.seguros-impagoalquiler.es\/blog\/wp-json\/wp\/v2\/posts"}],"about":[{"href":"https:\/\/www.seguros-impagoalquiler.es\/blog\/wp-json\/wp\/v2\/types\/post"}],"author":[{"embeddable":true,"href":"https:\/\/www.seguros-impagoalquiler.es\/blog\/wp-json\/wp\/v2\/users\/1"}],"replies":[{"embeddable":true,"href":"https:\/\/www.seguros-impagoalquiler.es\/blog\/wp-json\/wp\/v2\/comments?post=691"}],"version-history":[{"count":0,"href":"https:\/\/www.seguros-impagoalquiler.es\/blog\/wp-json\/wp\/v2\/posts\/691\/revisions"}],"wp:featuredmedia":[{"embeddable":true,"href":"https:\/\/www.seguros-impagoalquiler.es\/blog\/wp-json\/wp\/v2\/media\/693"}],"wp:attachment":[{"href":"https:\/\/www.seguros-impagoalquiler.es\/blog\/wp-json\/wp\/v2\/media?parent=691"}],"wp:term":[{"taxonomy":"category","embeddable":true,"href":"https:\/\/www.seguros-impagoalquiler.es\/blog\/wp-json\/wp\/v2\/categories?post=691"},{"taxonomy":"post_tag","embeddable":true,"href":"https:\/\/www.seguros-impagoalquiler.es\/blog\/wp-json\/wp\/v2\/tags?post=691"}],"curies":[{"name":"wp","href":"https:\/\/api.w.org\/{rel}","templated":true}]}}