{"id":651,"date":"2020-01-20T17:06:51","date_gmt":"2020-01-20T17:06:51","guid":{"rendered":"https:\/\/www.seguros-impagoalquiler.es\/blog\/?p=651"},"modified":"2020-01-29T17:16:06","modified_gmt":"2020-01-29T17:16:06","slug":"los-impagos-del-gobierno","status":"publish","type":"post","link":"https:\/\/www.seguros-impagoalquiler.es\/blog\/los-impagos-del-gobierno\/01\/2020\/","title":{"rendered":"Los impagos del gobierno&#8230;"},"content":{"rendered":"<p>La Conseller\u00eda de Educaci\u00f3n pone en riesgo el servicio de comedor para 170 ni\u00f1os en el colegio de primaria Gabriel Mir\u00f3 de Benidorm, por un <strong>impago de 40.000 euros<\/strong>. El monto total es de 40.488,4 euros, manifest\u00f3 David Ivorra, director del centro educativo.<\/p>\n<p>No solo son gastos relacionados con el servicio de comedor, tambi\u00e9n se incluyen gastos de funcionamiento de la escuela. Adem\u00e1s de una ayuda para el funcionamiento de la biblioteca. El <strong>impago corresponde a los meses de octubre, noviembre y diciembre<\/strong> <strong>2019<\/strong>.<\/p>\n<p>Sin embargo, la Conseller\u00eda por su parte, manifiesta que no deben alarmarte, pues\u00a0 el funcionamiento del comedor no corre riesgo de cerrar. Y que se est\u00e1 tramitando el pago con Hacienda, para resolver el problema antes de que finalice el mes. Han prometido cancelar la deuda en los en los d\u00edas siguientes, este mes de enero.<\/p>\n<p>Por otra parte, la directiva de la escuela primaria manifiesta que al no recibir el dinero en su momento preciso, se han endeudado con la empresa que presta el servicio de comedor, por 22.000 euros. Por ende tambi\u00e9n las trabajadoras que prestan servicio a la empresa est\u00e1n sin cobrar, as\u00ed como tambi\u00e9n a las cocineras.<\/p>\n<p>Les adeudan las n\u00f3minas de noviembre y diciembre. Como consecuencia, tanto trabajadoras como cocineras amenazan con no prestar m\u00e1s el servicio, hasta que no se les cancele la deuda.<\/p>\n<p>Por su parte, David Ivorra manifiesta; \u00abMe siento hundido, decepcionado y con ganas de tirar la toalla. No hay derecho a que se le haga esto a los 170 alumnos del colegio\u00bb. Tambi\u00e9n madres de familia son perjudicadas por esta situaci\u00f3n.<\/p>\n<p>Ya no hay organismo a quien poner al tanto de la situaci\u00f3n. Ivorra, director del centro educativo, indica que se inform\u00f3 a la Conseller\u00eda y a los encargados de la inspecci\u00f3n educativa. As\u00ed como tambi\u00e9n al alcalde y a la concejala de Educaci\u00f3n. Sin embargo, a\u00fan no hab\u00edan recibido respuesta.<\/p>\n<blockquote><p>Contrate siempre el mejor <a href=\"https:\/\/www.seguros-impagoalquiler.es\/\">seguro de impago de alquiler<\/a> y mant\u00e9ngase siempre protegido<\/p><\/blockquote>\n<div id=\"ez-toc-container\" class=\"ez-toc-v2_0_82_2 counter-hierarchy ez-toc-counter ez-toc-grey ez-toc-container-direction\">\n<div class=\"ez-toc-title-container\">\n<p class=\"ez-toc-title\" style=\"cursor:inherit\">Table of Contents<\/p>\n<span class=\"ez-toc-title-toggle\"><a href=\"#\" class=\"ez-toc-pull-right ez-toc-btn ez-toc-btn-xs ez-toc-btn-default ez-toc-toggle\" aria-label=\"Alternar tabla de contenidos\"><span class=\"ez-toc-js-icon-con\"><span class=\"\"><span class=\"eztoc-hide\" style=\"display:none;\">Toggle<\/span><span class=\"ez-toc-icon-toggle-span\"><svg style=\"fill: #999;color:#999\" xmlns=\"http:\/\/www.w3.org\/2000\/svg\" class=\"list-377408\" width=\"20px\" height=\"20px\" viewBox=\"0 0 24 24\" fill=\"none\"><path d=\"M6 6H4v2h2V6zm14 0H8v2h12V6zM4 11h2v2H4v-2zm16 0H8v2h12v-2zM4 16h2v2H4v-2zm16 0H8v2h12v-2z\" fill=\"currentColor\"><\/path><\/svg><svg style=\"fill: #999;color:#999\" class=\"arrow-unsorted-368013\" xmlns=\"http:\/\/www.w3.org\/2000\/svg\" width=\"10px\" height=\"10px\" viewBox=\"0 0 24 24\" version=\"1.2\" baseProfile=\"tiny\"><path d=\"M18.2 9.3l-6.2-6.3-6.2 6.3c-.2.2-.3.4-.3.7s.1.5.3.7c.2.2.4.3.7.3h11c.3 0 .5-.1.7-.3.2-.2.3-.5.3-.7s-.1-.5-.3-.7zM5.8 14.7l6.2 6.3 6.2-6.3c.2-.2.3-.5.3-.7s-.1-.5-.3-.7c-.2-.2-.4-.3-.7-.3h-11c-.3 0-.5.1-.7.3-.2.2-.3.5-.3.7s.1.5.3.7z\"\/><\/svg><\/span><\/span><\/span><\/a><\/span><\/div>\n<nav><ul class='ez-toc-list ez-toc-list-level-1 ' ><li class='ez-toc-page-1 ez-toc-heading-level-2'><a class=\"ez-toc-link ez-toc-heading-1\" href=\"https:\/\/www.seguros-impagoalquiler.es\/blog\/los-impagos-del-gobierno\/01\/2020\/#Centro_de_Atencion_Educativa_Singular\" >Centro de Atenci\u00f3n Educativa Singular<\/a><\/li><li class='ez-toc-page-1 ez-toc-heading-level-2'><a class=\"ez-toc-link ez-toc-heading-2\" href=\"https:\/\/www.seguros-impagoalquiler.es\/blog\/los-impagos-del-gobierno\/01\/2020\/#La_Concelleria_se_manifiesta\" >La Conceller\u00eda se manifiesta<\/a><\/li><li class='ez-toc-page-1 ez-toc-heading-level-2'><a class=\"ez-toc-link ez-toc-heading-3\" href=\"https:\/\/www.seguros-impagoalquiler.es\/blog\/los-impagos-del-gobierno\/01\/2020\/#Mayores_a_oscuras_por_impago_de_facturas\" >Mayores a oscuras por impago de facturas<\/a><\/li><\/ul><\/nav><\/div>\n<h2><span class=\"ez-toc-section\" id=\"Centro_de_Atencion_Educativa_Singular\"><\/span>Centro de Atenci\u00f3n Educativa Singular<span class=\"ez-toc-section-end\"><\/span><\/h2>\n<p>Cabe destacar, que el colegio Gabriel Mir\u00f3 <strong>es un<\/strong> <strong>Centro de Atenci\u00f3n Educativa Singular (CAES)<\/strong>. Por lo que aproximadamente un 30% de los estudiantes que asisten tienen problemas de aprendizaje. Y adem\u00e1s, casi el 100% de los estudiantes est\u00e1n becados y tienen la ayuda para recibir el servicio de comedor.<\/p>\n<p>Por otra parte, como complemento al problema, se a\u00f1ade que el centro tiene la jornada partida. Lo que significa que los alumnos reciben clases en la ma\u00f1ana y en la tarde. Y en vista de que todos los estudiantes acuden al mediod\u00eda al comedor, no tienen el servicio de trasporte a esta hora, para ir a sus casas.<\/p>\n<p>Adem\u00e1s, el <strong>centro educativo se encuentra ubicado en el complejo Salto del Agua<\/strong>, fuera del casco urbano de la ciudad. Raz\u00f3n por la cual se deben quedar obligatoriamente en el colegio, para recibir las clases por la tarde.<\/p>\n<p>Respecto a la situaci\u00f3n, Ivorra manifiesta que se siente de manos atadas, que no sabe \u00abqu\u00e9 ocurrir\u00e1 con los alumnos, si se deja de prestar servicio de comedor\u00bb. Sin embargo, entiende la posici\u00f3n de las trabajadoras y cocineras que prestan servicio a la empresa.\u00a0 Con seguridad, \u00ab\u2026yo har\u00eda lo mismo: si no cobro no trabajo\u00bb.<\/p>\n<p>Mayte Moreno, concejala de Educaci\u00f3n de Benidorm, tambi\u00e9n le exige a la Conselleria que resuelva la situaci\u00f3n lo m\u00e1s r\u00e1pido posible. Que d\u00e9 la cara a los impagos, hay partidas que no se deben tocar ni recortar, en este caso las de alimentaci\u00f3n. E inclusive, es posible que otros centros educativos de la ciudad, tambi\u00e9n est\u00e9n afectados por <strong>impagos de la Conseller\u00eda<\/strong>.<\/p>\n<h2><span class=\"ez-toc-section\" id=\"La_Concelleria_se_manifiesta\"><\/span>La Conceller\u00eda se manifiesta<span class=\"ez-toc-section-end\"><\/span><\/h2>\n<p>Por su parte, la Conselleria asegura que el servicio de comedor del colegio Gabriel Mir\u00f3 \u201cno corre ning\u00fan peligro. Y es uno de los centros priorizados para los pagos\u201d. Adem\u00e1s, aseguran que para agilizar el pago est\u00e1n trabajando directamente con la Conseller\u00eda de Hacienda. De esta forma se garantiza que \u201c\u2026los pagos se hagan de forma asegurada lo m\u00e1s pronto posible en enero\u201d.<\/p>\n<p>Las mismas fuentes de la Canceller\u00eda, informan que <strong>los pagos los realiza Tesorer\u00eda de la Generalitat,<\/strong> que a su vez, \u201c\u2026depende de los pagos estatales\u201d. Asimismo, indican que \u201ccuando hablamos de infrafinanciaci\u00f3n valenciana por parte del Estado, hablamos de esto\u201d.<\/p>\n<p>Por otra parte, desde Educaci\u00f3n manifiestan que \u201cning\u00fan centro valenciano peligra en su funcionamiento\u201d. Ya que gran parte de los centros educativos valencianos, disponen de capital en sus cuentas para cubrir los gastos de funcionamiento. Los que no tiene la totalidad del capital \u201cest\u00e1n priorizados para los pagos\u201d.<\/p>\n<blockquote><p>Revise ahora los mejores seguros de <a href=\"https:\/\/www.seguroslowcost.es\/seguros-impago-alquiler-lowcost.html\" target=\"_blank\" rel=\"noopener\">impago de alquiler low cost<\/a> para que cuente siempre con la mejor opci\u00f3n<\/p><\/blockquote>\n<h2><span class=\"ez-toc-section\" id=\"Mayores_a_oscuras_por_impago_de_facturas\"><\/span>Mayores a oscuras por impago de facturas<span class=\"ez-toc-section-end\"><\/span><\/h2>\n<p>Por otra parte, El alcalde Juan Jim\u00e9nez de Puerto del Rosario, culpa al gobierno canario por el <strong>impago de 1.100 euros<\/strong>. Correspondiente a facturas de <strong>suministro el\u00e9ctrico <\/strong>a un<strong> centro de mayores. <\/strong>Unos pudieron asistir a clases en la ma\u00f1ana. Pero luego cerraron el centro.<\/p>\n<p>Los mayores que asistieron despu\u00e9s de almorzar, encontraron las puertas cerradas. Desde horas del mediod\u00eda del d\u00eda lunes la compa\u00f1\u00eda el\u00e9ctrica cort\u00f3 la luz por impago.<\/p>\n<p>Es la primera vez, desde los 45 a\u00f1os que tiene de fundado el centro, que cierran las puertas por corte de luz. Este centro de mayores inici\u00f3 en 1972 como hogar del pensionista.<\/p>\n<p>En estas nuevas instalaciones se encuentra desde 1992 y en todo este tiempo nunca hab\u00edan cortado la luz. Tristemente, esta semana se colg\u00f3 un cartel que dice \u201cCerrado por corte de luz a partir de las 18.00 horas. Disculpen las molestias\u201d.<\/p>\n<p>La oscuridad no deja que se realicen las actividades programada en el centro par distracci\u00f3n y entretenimiento de las personas mayores y donde hacen ejercicios nemot\u00e9cnicos.<\/p>\n<p>Es una infraestructura\u00a0 que pertenece a la Consejer\u00eda de Derechos Sociales del Gobierno de Canarias. La cual cedi\u00f3 su gesti\u00f3n al Ayuntamiento en 1997. A trav\u00e9s de un convenio de colaboraci\u00f3n, esta subsidia gastos como la luz, el agua o el servicio de ascensor.<\/p>\n<p>La empresa el\u00e9ctrica dio aviso del impago y que tendr\u00eda que cortar la luz, en diferentes oportunidades. Cabe destacar que es un centro de 2.500 socios, que se ven afectados por esta situaci\u00f3n.<\/p>\n<p>En consecuencia, como <strong>el ayuntamiento no paga sus deudas, manifiesta el alcalde Juan Jim\u00e9nez,<\/strong> \u00e9l se vio en la necesidad de hacerlo. Asimismo asegur\u00f3 que la situaci\u00f3n ya \u201cse estaba resolviendo ahora mismo. Para posteriormente aclarar con el Ejecutivo la responsabilidad futura y subsidiaria de gastos\u201d.<\/p>\n<blockquote><p>Utilice siempre el mejor c<a href=\"https:\/\/seguros-de-alquiler-de-viviendas.seguros-generales.es\/\" target=\"_blank\" rel=\"noopener\">omparador de seguros de impago de alquiler<\/a> para encontrar la mejor opci\u00f3n del mercado<\/p><\/blockquote>\n","protected":false},"excerpt":{"rendered":"<p>La Conseller\u00eda de Educaci\u00f3n pone en riesgo el servicio de comedor para 170 ni\u00f1os en el colegio de primaria Gabriel Mir\u00f3 de Benidorm, por un impago de 40.000 euros. El monto total es de 40.488,4 euros, manifest\u00f3 David Ivorra, director del centro educativo. No solo son gastos relacionados con el servicio de comedor, tambi\u00e9n se [&hellip;]<\/p>\n","protected":false},"author":1,"featured_media":652,"comment_status":"open","ping_status":"open","sticky":false,"template":"","format":"standard","meta":{"_et_pb_use_builder":"","_et_pb_old_content":"","_et_gb_content_width":"","footnotes":""},"categories":[1],"tags":[],"class_list":["post-651","post","type-post","status-publish","format-standard","has-post-thumbnail","hentry","category-sin-categoria"],"_links":{"self":[{"href":"https:\/\/www.seguros-impagoalquiler.es\/blog\/wp-json\/wp\/v2\/posts\/651","targetHints":{"allow":["GET"]}}],"collection":[{"href":"https:\/\/www.seguros-impagoalquiler.es\/blog\/wp-json\/wp\/v2\/posts"}],"about":[{"href":"https:\/\/www.seguros-impagoalquiler.es\/blog\/wp-json\/wp\/v2\/types\/post"}],"author":[{"embeddable":true,"href":"https:\/\/www.seguros-impagoalquiler.es\/blog\/wp-json\/wp\/v2\/users\/1"}],"replies":[{"embeddable":true,"href":"https:\/\/www.seguros-impagoalquiler.es\/blog\/wp-json\/wp\/v2\/comments?post=651"}],"version-history":[{"count":0,"href":"https:\/\/www.seguros-impagoalquiler.es\/blog\/wp-json\/wp\/v2\/posts\/651\/revisions"}],"wp:featuredmedia":[{"embeddable":true,"href":"https:\/\/www.seguros-impagoalquiler.es\/blog\/wp-json\/wp\/v2\/media\/652"}],"wp:attachment":[{"href":"https:\/\/www.seguros-impagoalquiler.es\/blog\/wp-json\/wp\/v2\/media?parent=651"}],"wp:term":[{"taxonomy":"category","embeddable":true,"href":"https:\/\/www.seguros-impagoalquiler.es\/blog\/wp-json\/wp\/v2\/categories?post=651"},{"taxonomy":"post_tag","embeddable":true,"href":"https:\/\/www.seguros-impagoalquiler.es\/blog\/wp-json\/wp\/v2\/tags?post=651"}],"curies":[{"name":"wp","href":"https:\/\/api.w.org\/{rel}","templated":true}]}}