{"id":647,"date":"2020-01-13T15:42:39","date_gmt":"2020-01-13T15:42:39","guid":{"rendered":"https:\/\/www.seguros-impagoalquiler.es\/blog\/?p=647"},"modified":"2020-01-21T16:04:56","modified_gmt":"2020-01-21T16:04:56","slug":"3-meses-de-impago-de-la-ayuda-publica-de-la-generalitat-a-las-guarderias","status":"publish","type":"post","link":"https:\/\/www.seguros-impagoalquiler.es\/blog\/3-meses-de-impago-de-la-ayuda-publica-de-la-generalitat-a-las-guarderias\/01\/2020\/","title":{"rendered":"3 meses de impago de la ayuda p\u00fablica  de la generalitat a las guarder\u00edas"},"content":{"rendered":"<p>13La Generalitat, a la fecha, cumple <strong>tres meses de impago<\/strong> de la ayuda econ\u00f3mica p\u00fablica, que ofrece a las guarder\u00edas. La ayuda p\u00fablica que reciben las escuelas infantiles privadas, donde reciben educaci\u00f3n los ni\u00f1os, hasta tres a\u00f1os de edad, est\u00e1 suspendida. La deuda que se ha generado ya acumula tres meses.<\/p>\n<p>En consecuencia, <strong>los impagos obligan a las guarder\u00edas a aumentar el coste mensual<\/strong> que aportan los representantes de los ni\u00f1os. Las escuelas infantiles privadas, se vieron en la necesidad de descontar la ayuda que les aporta Educaci\u00f3n, por un monto hasta de 200 euros.<\/p>\n<p>Lo cierto es que estas escuelas comienzan el a\u00f1o con una situaci\u00f3n econ\u00f3mica que les preocupa debido a este Impago. Con la ayuda de la Generalitat, las guarder\u00edas cofinancian parte del pago que realizan las familias cada mes, en funci\u00f3n de su renta familiar.<\/p>\n<p>Hasta esta semana, estas escuelas hab\u00edan recibido la ayuda correspondiente a septiembre. Al mes de diciembre ya son tres meses de impago y a\u00fan sin terminar enero.<\/p>\n<p>Para solventar la situaci\u00f3n los propietarios de estos centros escolares se vieron en la necesidad de recurrir a la financiaci\u00f3n de la banca. Con la solicitud de cr\u00e9ditos para cancelar los gastos que generan. Debieron cubrir tres meses de n\u00f3mina y tres meses de renta de alquiler de los locales donde se desempe\u00f1an las escuelas.<\/p>\n<p>La \u00faltima alternativa a la que se vieron obligados a tomar estos centros educativos, fue trascender el impago a las familias. Que inclusive llegar\u00edan a asumir el coste total del pago mensual de la plaza si no se solventa la situaci\u00f3n. Por lo que la renta que deber\u00edan pagar cada mes alcanzar\u00eda un total que oscila entre los 70 y 200 euros m\u00e1s, del que cancelan actualmente.<\/p>\n<p>Cabe destacar que esta informaci\u00f3n fue recopilada por LAS PROVINCIAS. Los centros escolares que se encuentran en una situaci\u00f3n econ\u00f3mica limiten, expusieron su problem\u00e1tica. Adem\u00e1s de asociaciones espec\u00edficas de sector. Solicitan de la misma forma que tanto <strong>Educaci\u00f3n como Hacienda consideren el problema como una prioridad para saldar la deuda de forma inmediata.<\/strong><\/p>\n<blockquote><p>Contrate siempre el mejor <a href=\"https:\/\/www.seguros-impagoalquiler.es\/\">seguro de impago de alquiler<\/a> y mant\u00e9ngase siempre protegido<\/p><\/blockquote>\n<div id=\"ez-toc-container\" class=\"ez-toc-v2_0_82_2 counter-hierarchy ez-toc-counter ez-toc-grey ez-toc-container-direction\">\n<div class=\"ez-toc-title-container\">\n<p class=\"ez-toc-title\" style=\"cursor:inherit\">Table of Contents<\/p>\n<span class=\"ez-toc-title-toggle\"><a href=\"#\" class=\"ez-toc-pull-right ez-toc-btn ez-toc-btn-xs ez-toc-btn-default ez-toc-toggle\" aria-label=\"Alternar tabla de contenidos\"><span class=\"ez-toc-js-icon-con\"><span class=\"\"><span class=\"eztoc-hide\" style=\"display:none;\">Toggle<\/span><span class=\"ez-toc-icon-toggle-span\"><svg style=\"fill: #999;color:#999\" xmlns=\"http:\/\/www.w3.org\/2000\/svg\" class=\"list-377408\" width=\"20px\" height=\"20px\" viewBox=\"0 0 24 24\" fill=\"none\"><path d=\"M6 6H4v2h2V6zm14 0H8v2h12V6zM4 11h2v2H4v-2zm16 0H8v2h12v-2zM4 16h2v2H4v-2zm16 0H8v2h12v-2z\" fill=\"currentColor\"><\/path><\/svg><svg style=\"fill: #999;color:#999\" class=\"arrow-unsorted-368013\" xmlns=\"http:\/\/www.w3.org\/2000\/svg\" width=\"10px\" height=\"10px\" viewBox=\"0 0 24 24\" version=\"1.2\" baseProfile=\"tiny\"><path d=\"M18.2 9.3l-6.2-6.3-6.2 6.3c-.2.2-.3.4-.3.7s.1.5.3.7c.2.2.4.3.7.3h11c.3 0 .5-.1.7-.3.2-.2.3-.5.3-.7s-.1-.5-.3-.7zM5.8 14.7l6.2 6.3 6.2-6.3c.2-.2.3-.5.3-.7s-.1-.5-.3-.7c-.2-.2-.4-.3-.7-.3h-11c-.3 0-.5.1-.7.3-.2.2-.3.5-.3.7s.1.5.3.7z\"\/><\/svg><\/span><\/span><\/span><\/a><\/span><\/div>\n<nav><ul class='ez-toc-list ez-toc-list-level-1 ' ><li class='ez-toc-page-1 ez-toc-heading-level-2'><a class=\"ez-toc-link ez-toc-heading-1\" href=\"https:\/\/www.seguros-impagoalquiler.es\/blog\/3-meses-de-impago-de-la-ayuda-publica-de-la-generalitat-a-las-guarderias\/01\/2020\/#El_bono_de_la_Generalitat_es_una_importante_ayuda_para_los_ninos\" >El bono de la Generalitat es una importante ayuda para los ni\u00f1os<\/a><\/li><li class='ez-toc-page-1 ez-toc-heading-level-2'><a class=\"ez-toc-link ez-toc-heading-2\" href=\"https:\/\/www.seguros-impagoalquiler.es\/blog\/3-meses-de-impago-de-la-ayuda-publica-de-la-generalitat-a-las-guarderias\/01\/2020\/#Algunas_escuelas_solo_descuentan_el_minimo_de_ayuda_otras_pediran_el_coste_total\" >Algunas escuelas s\u00f3lo descuentan el m\u00ednimo de ayuda, otras pedir\u00e1n el coste total<\/a><\/li><li class='ez-toc-page-1 ez-toc-heading-level-2'><a class=\"ez-toc-link ez-toc-heading-3\" href=\"https:\/\/www.seguros-impagoalquiler.es\/blog\/3-meses-de-impago-de-la-ayuda-publica-de-la-generalitat-a-las-guarderias\/01\/2020\/#Marza_no_paga_servicio_de_comedor_desde_octubre_2019\" >Marz\u00e0 no paga servicio de comedor desde octubre 2019<\/a><\/li><\/ul><\/nav><\/div>\n<h2><span class=\"ez-toc-section\" id=\"El_bono_de_la_Generalitat_es_una_importante_ayuda_para_los_ninos\"><\/span>El bono de la Generalitat es una importante ayuda para los ni\u00f1os<span class=\"ez-toc-section-end\"><\/span><\/h2>\n<p>Seg\u00fan afirma el titular de uno de los centros educativos afectados, \u201cel bono surgi\u00f3 para dar la oportunidad a todos los ni\u00f1os de acudir a una escuela infantil. Pero si no llega cuando debe, se est\u00e1 lesionando este derecho\u201d.<\/p>\n<p><strong>Los centros infantiles est\u00e1n siendo fuertemente impactados<\/strong>. Y si la administraci\u00f3n no salda la deuda pronto, el pr\u00f3ximo mes las familias tendr\u00e1n que cubrir el coste total que corresponde.<\/p>\n<p>Tanto los ni\u00f1os como los profesores se benefician de esta ayuda. Pero al no contar con este beneficio las guarder\u00edas se han visto en aprietos. En este sentido expone el titular, \u201cLos centros hacemos una labor social b\u00e1sica, nos jugamos nuestro patrimonio. Hay profesores que no cobran con regularidad para poder ayudar y estamos endeudados\u201d.<\/p>\n<p>Ellos est\u00e1n conscientes de que las familias requieren de este bono para darles la mejor educaci\u00f3n a sus hijos y poder trabajar. En especial aquellas que tienen varios ni\u00f1os. Pero la situaci\u00f3n lleg\u00f3 a un l\u00edmite, que los centros no tienen la capacidad econ\u00f3mica para manejarla. En el caso particular del exponente, la deuda alcanza alrededor de <strong>los 30.000 euros<\/strong>, \u201ces un agujero econ\u00f3mico inasumible\u201d.<\/p>\n<blockquote><p>Revise ahora los mejores seguros de <a href=\"https:\/\/www.seguroslowcost.es\/seguros-impago-alquiler-lowcost.html\" target=\"_blank\" rel=\"noopener\">impago de alquiler low cost<\/a> para que cuente siempre con la mejor opci\u00f3n<\/p><\/blockquote>\n<h2><span class=\"ez-toc-section\" id=\"Algunas_escuelas_solo_descuentan_el_minimo_de_ayuda_otras_pediran_el_coste_total\"><\/span>Algunas escuelas s\u00f3lo descuentan el m\u00ednimo de ayuda, otras pedir\u00e1n el coste total<span class=\"ez-toc-section-end\"><\/span><\/h2>\n<p>Es una subvenci\u00f3n est\u00e1 destinada directamente al alumno. Sin embargo, la gesti\u00f3n del pago la asume el centro de ense\u00f1anza. Las cuales reciben el monto total de todas las matr\u00edculas.<\/p>\n<p>Lo que quiere decir que se financia la administraci\u00f3n. El centro, descuenta en cada recibo que cancela la familia. Se asume la ayuda que se le proporciona el gobierno al alumno. A la espera del pago oportuno de la administraci\u00f3n.<\/p>\n<p>No es un procedimiento que se obliga a los centros a llevar cabo. Sin embargo, se considera de esta manera para no hacer un cargo econ\u00f3mico las familias. Luego ser\u00e1 repuesto a la escuela.<\/p>\n<p>Cabe destacar que <strong>el bono que aportar\u00e1 la Conselleria de Educaci\u00f3n, se determina el primer trimestre de cada a\u00f1o escolar<\/strong>. El bono es variable, se estima de acuerdo a la renta, por lo tanto, los importes m\u00e1s altos, se asignan a los n\u00facleos que presentan mayores necesidades.<\/p>\n<p>&nbsp;<\/p>\n<h2><span class=\"ez-toc-section\" id=\"Marza_no_paga_servicio_de_comedor_desde_octubre_2019\"><\/span>Marz\u00e0 no paga servicio de comedor desde octubre 2019<span class=\"ez-toc-section-end\"><\/span><\/h2>\n<p>Por otra parte, la portavoz de Educaci\u00f3n Beatriz Gasc\u00f3, del PP en Les Corts, advirti\u00f3 que se encuentra actualmente en peligro el servicio de comedor. Pues muchos centros educativos p\u00fablicos de la Comunitat son <strong>v\u00edctimas de impagos<\/strong>, por parte de la Conselleria de Educaci\u00f3n.<\/p>\n<p>La diputada Gasc\u00f3 manifiesta que la Generalitat, no cancela desde el mes de octubre de 2019, \u00a0los gastos de funcionamiento y comedor, de los centros educativos. Asimismo advirti\u00f3, que <strong>las empresas que prestan el servicio se retirar\u00e1n<\/strong> debido a la falta de cancelaci\u00f3n\u00a0 de estos gastos que son mayores a los 20 millones de euros.<\/p>\n<p>En el mismo sentido fue enf\u00e1tica y resalt\u00f3, que \u201clos equipos directivos de los centros no pueden aguantar m\u00e1s los retrasos de la conselleria en los pagos. Y ya no saben c\u00f3mo capear esta situaci\u00f3n\u201d.<\/p>\n<p>Asimismo, el grupo de Ciudadanos en Les Corts, hizo una propuesta de ley donde solicita no aplicar la ley de Plurilinguismo en centros de habla hispana que hagan la solicitud. O en tal caso, que se establezca una moratoria, en lo referente a su implantaci\u00f3n.<\/p>\n<blockquote><p>Utilice siempre el mejor c<a href=\"https:\/\/seguros-de-alquiler-de-viviendas.seguros-generales.es\/\" target=\"_blank\" rel=\"noopener\">omparador de seguros de impago de alquiler<\/a> para encontrar la mejor opci\u00f3n del mercado<\/p><\/blockquote>\n","protected":false},"excerpt":{"rendered":"<p>13La Generalitat, a la fecha, cumple tres meses de impago de la ayuda econ\u00f3mica p\u00fablica, que ofrece a las guarder\u00edas. La ayuda p\u00fablica que reciben las escuelas infantiles privadas, donde reciben educaci\u00f3n los ni\u00f1os, hasta tres a\u00f1os de edad, est\u00e1 suspendida. La deuda que se ha generado ya acumula tres meses. En consecuencia, los impagos [&hellip;]<\/p>\n","protected":false},"author":1,"featured_media":649,"comment_status":"open","ping_status":"open","sticky":false,"template":"","format":"standard","meta":{"_et_pb_use_builder":"","_et_pb_old_content":"","_et_gb_content_width":"","footnotes":""},"categories":[1],"tags":[],"class_list":["post-647","post","type-post","status-publish","format-standard","has-post-thumbnail","hentry","category-sin-categoria"],"_links":{"self":[{"href":"https:\/\/www.seguros-impagoalquiler.es\/blog\/wp-json\/wp\/v2\/posts\/647","targetHints":{"allow":["GET"]}}],"collection":[{"href":"https:\/\/www.seguros-impagoalquiler.es\/blog\/wp-json\/wp\/v2\/posts"}],"about":[{"href":"https:\/\/www.seguros-impagoalquiler.es\/blog\/wp-json\/wp\/v2\/types\/post"}],"author":[{"embeddable":true,"href":"https:\/\/www.seguros-impagoalquiler.es\/blog\/wp-json\/wp\/v2\/users\/1"}],"replies":[{"embeddable":true,"href":"https:\/\/www.seguros-impagoalquiler.es\/blog\/wp-json\/wp\/v2\/comments?post=647"}],"version-history":[{"count":0,"href":"https:\/\/www.seguros-impagoalquiler.es\/blog\/wp-json\/wp\/v2\/posts\/647\/revisions"}],"wp:featuredmedia":[{"embeddable":true,"href":"https:\/\/www.seguros-impagoalquiler.es\/blog\/wp-json\/wp\/v2\/media\/649"}],"wp:attachment":[{"href":"https:\/\/www.seguros-impagoalquiler.es\/blog\/wp-json\/wp\/v2\/media?parent=647"}],"wp:term":[{"taxonomy":"category","embeddable":true,"href":"https:\/\/www.seguros-impagoalquiler.es\/blog\/wp-json\/wp\/v2\/categories?post=647"},{"taxonomy":"post_tag","embeddable":true,"href":"https:\/\/www.seguros-impagoalquiler.es\/blog\/wp-json\/wp\/v2\/tags?post=647"}],"curies":[{"name":"wp","href":"https:\/\/api.w.org\/{rel}","templated":true}]}}