{"id":636,"date":"2019-12-23T14:31:00","date_gmt":"2019-12-23T14:31:00","guid":{"rendered":"https:\/\/www.seguros-impagoalquiler.es\/blog\/?p=636"},"modified":"2020-01-01T14:36:14","modified_gmt":"2020-01-01T14:36:14","slug":"los-alquileres-de-viviendas-alcanzan-el-maximo","status":"publish","type":"post","link":"https:\/\/www.seguros-impagoalquiler.es\/blog\/los-alquileres-de-viviendas-alcanzan-el-maximo\/12\/2019\/","title":{"rendered":"Los alquileres de viviendas alcanzan el m\u00e1ximo"},"content":{"rendered":"<p>Se espera que el pr\u00f3ximo a\u00f1o, se produzca un proceso de normalizaci\u00f3n y estabilizaci\u00f3n de los alquileres. Este a\u00f1o se caracteriz\u00f3 por fuertes golpes en las rentas de las viviendas. Tres impactos que desestabilizaron los presupuestos de muchos hogares espa\u00f1oles produci\u00e9ndose por ende un <strong>aumento en el n\u00famero de impagos de alquiler<\/strong>.<\/p>\n<p>En muchas ciudades <strong>las rentan llegaron al m\u00e1ximo<\/strong>, por lo que se espera que se produzcan disminuciones en ciertas comunidades.<\/p>\n<p>Por otra parte, la baja<strong> oferta de pisos en alquiler<\/strong>, aunado a la alta demanda que todav\u00eda permanece, impedir\u00e1 que se presente una ca\u00edda abrupta y extendida por todo el territorio espa\u00f1ol. Seg\u00fan los expertos, en gran parte de los mercados, los precios no sufrir\u00e1n grandes cambios.<\/p>\n<p>Pero tampoco continuar\u00e1 el aumento que se registr\u00f3 durante el a\u00f1o. En Barcelona por ejemplo, ya se est\u00e1n registrando algunas disminuciones en la renta.<\/p>\n<p>Los expertos en la materia apoyan aumentar el parque de viviendas para alquilar. Consider\u00e1ndola como una buena alternativa para evitar tensiones de precios. Adem\u00e1s, estiman que limitar las rentas de las viviendas en alquiler, traer\u00eda efectos negativos.<\/p>\n<p>En este sentido, Ismael Kardoudi, director de estudios y formaci\u00f3n de Fotocasa.com, explica, que \u00abEn 2019 se ha seguido con la t\u00f3nica de\u00a0<strong>estabilizaci\u00f3n de los alquileres<\/strong>\u00a0que ya se inici\u00f3 en 2018\u201d.<\/p>\n<p>Asimismo a\u00f1ade, \u201cDe hecho, durante este 2019, han tenido leves incrementos interanuales e incluso el pasado mes de enero se registr\u00f3 el primer descenso del 0,7%, despu\u00e9s de casi\u00a0<strong>cuatro a\u00f1os de incrementos ininterrumpidos<\/strong>\u00ab.<\/p>\n<p>Kardoudi estima que el 2019 cerrar\u00e1 con un aumento del alquiler, ubicado entre el 1 y el 2%. El cual se asemeja mucho al registrado en 2018. Donde el alza fue del 1,8%. Sin embargo, mucho menor al <strong>9% registrado en 2017<\/strong>, el m\u00e1s alto registrado en Fotocasa desde el a\u00f1o 2006.<\/p>\n<p>Durante todo el a\u00f1o 2019, las\u00a0<strong>variaciones interanuales fueron leves en todas las comunidades aut\u00f3nomas<\/strong>. Pero, si hay muchas diferencias importantes entre las diferentes comunidades. Seg\u00fan Kardoudi, \u201cEn Madrid o la Comunidad Valenciana todav\u00eda se registran\u00a0<strong>fuertes incrementos en el precio de la vivienda en alquiler<\/strong>, en muchos casos cercanos al 10%\u201d.<\/p>\n<p>Mientras que Catalu\u00f1a y en especial en Barcelona, es la primera regi\u00f3n donde est\u00e1n comenzando a bajar las rentas de alquiler.<\/p>\n<blockquote><p>Revise ahora los mejores seguros de <a href=\"https:\/\/www.seguroslowcost.es\/seguros-impago-alquiler-lowcost.html\" target=\"_blank\" rel=\"noopener\">impago de alquiler low cost<\/a> para que cuente siempre con la mejor opci\u00f3n<\/p><\/blockquote>\n<div id=\"ez-toc-container\" class=\"ez-toc-v2_0_82_2 counter-hierarchy ez-toc-counter ez-toc-grey ez-toc-container-direction\">\n<div class=\"ez-toc-title-container\">\n<p class=\"ez-toc-title\" style=\"cursor:inherit\">Table of Contents<\/p>\n<span class=\"ez-toc-title-toggle\"><a href=\"#\" class=\"ez-toc-pull-right ez-toc-btn ez-toc-btn-xs ez-toc-btn-default ez-toc-toggle\" aria-label=\"Alternar tabla de contenidos\"><span class=\"ez-toc-js-icon-con\"><span class=\"\"><span class=\"eztoc-hide\" style=\"display:none;\">Toggle<\/span><span class=\"ez-toc-icon-toggle-span\"><svg style=\"fill: #999;color:#999\" xmlns=\"http:\/\/www.w3.org\/2000\/svg\" class=\"list-377408\" width=\"20px\" height=\"20px\" viewBox=\"0 0 24 24\" fill=\"none\"><path d=\"M6 6H4v2h2V6zm14 0H8v2h12V6zM4 11h2v2H4v-2zm16 0H8v2h12v-2zM4 16h2v2H4v-2zm16 0H8v2h12v-2z\" fill=\"currentColor\"><\/path><\/svg><svg style=\"fill: #999;color:#999\" class=\"arrow-unsorted-368013\" xmlns=\"http:\/\/www.w3.org\/2000\/svg\" width=\"10px\" height=\"10px\" viewBox=\"0 0 24 24\" version=\"1.2\" baseProfile=\"tiny\"><path d=\"M18.2 9.3l-6.2-6.3-6.2 6.3c-.2.2-.3.4-.3.7s.1.5.3.7c.2.2.4.3.7.3h11c.3 0 .5-.1.7-.3.2-.2.3-.5.3-.7s-.1-.5-.3-.7zM5.8 14.7l6.2 6.3 6.2-6.3c.2-.2.3-.5.3-.7s-.1-.5-.3-.7c-.2-.2-.4-.3-.7-.3h-11c-.3 0-.5.1-.7.3-.2.2-.3.5-.3.7s.1.5.3.7z\"\/><\/svg><\/span><\/span><\/span><\/a><\/span><\/div>\n<nav><ul class='ez-toc-list ez-toc-list-level-1 ' ><li class='ez-toc-page-1 ez-toc-heading-level-2'><a class=\"ez-toc-link ez-toc-heading-1\" href=\"https:\/\/www.seguros-impagoalquiler.es\/blog\/los-alquileres-de-viviendas-alcanzan-el-maximo\/12\/2019\/#En_Barcelona_se_registraron_las_primeras_caidas_de_precios\" >En Barcelona se registraron las primeras ca\u00eddas de precios<\/a><\/li><li class='ez-toc-page-1 ez-toc-heading-level-2'><a class=\"ez-toc-link ez-toc-heading-2\" href=\"https:\/\/www.seguros-impagoalquiler.es\/blog\/los-alquileres-de-viviendas-alcanzan-el-maximo\/12\/2019\/#Hay_dudas_%E2%80%A6_comprar_o_alquilar\" >Hay dudas \u2026 comprar o alquilar<\/a><\/li><\/ul><\/nav><\/div>\n<h2><span class=\"ez-toc-section\" id=\"En_Barcelona_se_registraron_las_primeras_caidas_de_precios\"><\/span>En Barcelona se registraron las primeras ca\u00eddas de precios<span class=\"ez-toc-section-end\"><\/span><\/h2>\n<p>En 2017, las rentas de alquiler aumentaron un 20% y luego se fren\u00f3 el ritmo de crecimiento. Kardoudi explica que \u00abEn febrero de 2018, el aumento interanual fue del 1,2%. Adem\u00e1s, en el caso de Barcelona, desde marzo de 2018, los alquileres no crecen por encima del 10% y en 2019 las variaciones se han movido entre el 1% y el 5%.\u201d<\/p>\n<p>As\u00ed afirma que \u201cel\u00a0<strong>camino de contracci\u00f3n de precios<\/strong>\u00a0que ha empezado Catalu\u00f1a y m\u00e1s concretamente Barcelona es posible que lo veamos en otras ciudades y comunidades durante 2020\u201d.<\/p>\n<p>Por otra parte, para Sandra Daza, directora general de la tasadora Gesvalt, \u201c\u2026 el\u00a0<strong>problema est\u00e1 concentrado en los n\u00facleos urbanos<\/strong>\u00a0y en las grandes ciudades. Hay muchas ciudades en Espa\u00f1a que no est\u00e1n en esa situaci\u00f3n de fuertes subidas de precios\u00bb.<\/p>\n<p>&nbsp;<\/p>\n<p>Seg\u00fan el experto de Kardoudi y Antonio Carroza de Alquiler Seguro, los alquileres se ir\u00e1n moderando a baja velocidad. En algunas localidades los descensos ya han comenzado pero en otros lugares como Madrid contin\u00faan aumentando.<\/p>\n<p>Hay zonas donde ya las rentas alcanzaron el l\u00edmite y no subir\u00e1n m\u00e1s. Pero en otras zonas donde hay una probable mejora econ\u00f3mica en la localidad, es posible que suban.<\/p>\n<p>Afirma Carroza, que si \u201c\u2026hay\u00a0<strong>expectativas de aumento del desempleo o ralentizaci\u00f3n econ\u00f3mica<\/strong>, lo m\u00e1s probable es que se produzca cierta\u00a0<strong>correcci\u00f3n de los alquileres<\/strong>, especialmente en el centro de <strong>Madrid y Barcelona<\/strong>, dos mercados que han subido con mucha fuerza en los \u00faltimos a\u00f1os\u00bb.<\/p>\n<p>Por otra parte, explica Gonzalo Bernardos, analista y consultor econ\u00f3mico e inmobiliario \u201cLa gente piensa que cuando la econom\u00eda se ralentiza, el\u00a0mercado del alquiler bajar\u00e1 con fuerza, pero en realidad no es as\u00ed. Y es que el problema no est\u00e1 en los alquileres altos, sino en los bajos. Ya que cuando un alquiler es muy elevado, aumentan los incentivos a la compra. A igual renta o hipoteca, son muchos los que\u00a0se decantan por la compra\u00bb.<\/p>\n<p>Seg\u00fan explica Bernardos, ocurre todo los contrario cuando las rentas de alquiler est\u00e1n bajas, por lo general se alquilan las viviendas. El problema es que en su mayor\u00eda se encuentran en muy mal estado. Pues los propietarios no invierten o invierten poco en mantenerlas, para que les sea rentable.<\/p>\n<p>Ellos consideran que el monto que perciben por el alquiler, no compensa el coste de la inversi\u00f3n que realizan, para reformar la propiedad.<\/p>\n<blockquote><p>Contrate siempre el mejor <a href=\"https:\/\/www.seguros-impagoalquiler.es\/\">seguro de impago de alquiler<\/a> y mant\u00e9ngase siempre protegido<\/p><\/blockquote>\n<h2><span class=\"ez-toc-section\" id=\"Hay_dudas_%E2%80%A6_comprar_o_alquilar\"><\/span>Hay dudas \u2026 comprar o alquilar<span class=\"ez-toc-section-end\"><\/span><\/h2>\n<p>Por otra parte, gran parte de las personas que viven alquilados quieren comprar, pero los ahorros no les alcanza y tampoco tienen ayuda econ\u00f3mica. Ante el miedo a la posible crisis, no se sabe si los que pensaban en comprar una vivienda, prefieran seguir en alquiler.<\/p>\n<p>En 2019 se vio que hab\u00eda mucha demanda de inversi\u00f3n y muchos j\u00f3venes buscando vivienda para comprar. Pero una cosa son las ganas y la otra es poder hacerlo. No siempre tienen el dinero suficiente ni la financiaci\u00f3n para adquirir vivienda.<\/p>\n<p>Los \u00faltimos informes de Fotocasa indican que hay un\u00a0efecto rebote, el cual trajo como consecuencia que la demanda que sali\u00f3 del alquiler, porque comprar\u00eda una vivienda, ahora se vino de vuelta. Lo cual es consecuencia de la imposibilidad de comprar vivienda.<\/p>\n<blockquote><p><strong> Utilice siempre el mejor c<a href=\"https:\/\/seguros-de-alquiler-de-viviendas.seguros-generales.es\/\" target=\"_blank\" rel=\"noopener\">omparador de seguros de impago de alquiler<\/a> para encontrar la mejor opci\u00f3n del mercado<\/strong><\/p><\/blockquote>\n","protected":false},"excerpt":{"rendered":"<p>Se espera que el pr\u00f3ximo a\u00f1o, se produzca un proceso de normalizaci\u00f3n y estabilizaci\u00f3n de los alquileres. Este a\u00f1o se caracteriz\u00f3 por fuertes golpes en las rentas de las viviendas. Tres impactos que desestabilizaron los presupuestos de muchos hogares espa\u00f1oles produci\u00e9ndose por ende un aumento en el n\u00famero de impagos de alquiler. En muchas ciudades [&hellip;]<\/p>\n","protected":false},"author":1,"featured_media":637,"comment_status":"open","ping_status":"open","sticky":false,"template":"","format":"standard","meta":{"_et_pb_use_builder":"","_et_pb_old_content":"","_et_gb_content_width":"","footnotes":""},"categories":[1],"tags":[],"class_list":["post-636","post","type-post","status-publish","format-standard","has-post-thumbnail","hentry","category-sin-categoria"],"_links":{"self":[{"href":"https:\/\/www.seguros-impagoalquiler.es\/blog\/wp-json\/wp\/v2\/posts\/636","targetHints":{"allow":["GET"]}}],"collection":[{"href":"https:\/\/www.seguros-impagoalquiler.es\/blog\/wp-json\/wp\/v2\/posts"}],"about":[{"href":"https:\/\/www.seguros-impagoalquiler.es\/blog\/wp-json\/wp\/v2\/types\/post"}],"author":[{"embeddable":true,"href":"https:\/\/www.seguros-impagoalquiler.es\/blog\/wp-json\/wp\/v2\/users\/1"}],"replies":[{"embeddable":true,"href":"https:\/\/www.seguros-impagoalquiler.es\/blog\/wp-json\/wp\/v2\/comments?post=636"}],"version-history":[{"count":0,"href":"https:\/\/www.seguros-impagoalquiler.es\/blog\/wp-json\/wp\/v2\/posts\/636\/revisions"}],"wp:featuredmedia":[{"embeddable":true,"href":"https:\/\/www.seguros-impagoalquiler.es\/blog\/wp-json\/wp\/v2\/media\/637"}],"wp:attachment":[{"href":"https:\/\/www.seguros-impagoalquiler.es\/blog\/wp-json\/wp\/v2\/media?parent=636"}],"wp:term":[{"taxonomy":"category","embeddable":true,"href":"https:\/\/www.seguros-impagoalquiler.es\/blog\/wp-json\/wp\/v2\/categories?post=636"},{"taxonomy":"post_tag","embeddable":true,"href":"https:\/\/www.seguros-impagoalquiler.es\/blog\/wp-json\/wp\/v2\/tags?post=636"}],"curies":[{"name":"wp","href":"https:\/\/api.w.org\/{rel}","templated":true}]}}