{"id":508,"date":"2019-07-15T15:51:58","date_gmt":"2019-07-15T15:51:58","guid":{"rendered":"https:\/\/www.seguros-impagoalquiler.es\/blog\/?p=508"},"modified":"2019-07-22T16:09:52","modified_gmt":"2019-07-22T16:09:52","slug":"ayudas-economicas-a-familias-vulnerables","status":"publish","type":"post","link":"https:\/\/www.seguros-impagoalquiler.es\/blog\/ayudas-economicas-a-familias-vulnerables\/07\/2019\/","title":{"rendered":"Ayudas econ\u00f3micas a familias vulnerables"},"content":{"rendered":"<p>El ayuntamiento de Aspe tramitar\u00e1 las solicitudes de ayudas econ\u00f3micas a familias vulnerables en situaci\u00f3n de emergencia habitacional. Este programa auton\u00f3mico ser\u00e1 gestionado por la Oficina de Vivienda para evitar la perdida de la vivienda o tener acceso a una.<\/p>\n<p>Lo que aportar\u00e1 agilidad a los tr\u00e1mites es que la oficina est\u00e1 en el mismo Ayuntamiento.<\/p>\n<p>La petici\u00f3n para tramitar ayudas del pago del alquiler fue elaborada por el ayuntamiento por medio de la concejal\u00eda de Vivienda. As\u00ed, el esfuerzo econ\u00f3mico para pagar la renta que realicen las familias beneficiadas no superar\u00e1 el 25% del total de sus ingresos.<\/p>\n<p>Jonatan Molina, el concejal de vivienda aclara que las ayudas van a personas que sufren emergencia social. Aquellos a los que se les dificulta acceder a un alquiler o mantener el pago de la renta de la vivienda. Adem\u00e1s, esta ayuda es incompatible con otras subvenciones de alquiler p\u00fablico tales como la Renta Valenciana de Inclusi\u00f3n. Tampoco excluye a otros programas que dirija la Conselleria Valenciana.<\/p>\n<p>La ayuda cubre 12 meses de un a\u00f1o natural al solicitarla. Primero se realiza un pago de 6 meses, y los otros seis meses se cancelan al justificar el primer pago.<\/p>\n<p>La importancia de estos beneficios es que permitir\u00e1n entrar en la norma los alquileres que no est\u00e9n regularizados. Otra ventaja ser\u00e1 que, las familias podr\u00e1n acceder a una primera vivienda, aunque su condici\u00f3n econ\u00f3mica no se lo permit\u00eda.<\/p>\n<p>Todos saben que el mayor miedo de un propietario es el impago de alquiler. Lo que ser\u00e1 cosa del pasado, debido a la magnitud de las ayudas que confieren un poco de seguridad al colocar una vivienda en alquiler. Lo que facilita la regularizaci\u00f3n de los contratos en ciertos alquileres establecidos.<\/p>\n<blockquote><p>Contrate siempre el mejor <a href=\"https:\/\/www.seguros-impagoalquiler.es\/\">seguro de impago de alquiler<\/a> y mant\u00e9ngase siempre protegido<\/p><\/blockquote>\n<div id=\"ez-toc-container\" class=\"ez-toc-v2_0_82_2 counter-hierarchy ez-toc-counter ez-toc-grey ez-toc-container-direction\">\n<div class=\"ez-toc-title-container\">\n<p class=\"ez-toc-title\" style=\"cursor:inherit\">Table of Contents<\/p>\n<span class=\"ez-toc-title-toggle\"><a href=\"#\" class=\"ez-toc-pull-right ez-toc-btn ez-toc-btn-xs ez-toc-btn-default ez-toc-toggle\" aria-label=\"Alternar tabla de contenidos\"><span class=\"ez-toc-js-icon-con\"><span class=\"\"><span class=\"eztoc-hide\" style=\"display:none;\">Toggle<\/span><span class=\"ez-toc-icon-toggle-span\"><svg style=\"fill: #999;color:#999\" xmlns=\"http:\/\/www.w3.org\/2000\/svg\" class=\"list-377408\" width=\"20px\" height=\"20px\" viewBox=\"0 0 24 24\" fill=\"none\"><path d=\"M6 6H4v2h2V6zm14 0H8v2h12V6zM4 11h2v2H4v-2zm16 0H8v2h12v-2zM4 16h2v2H4v-2zm16 0H8v2h12v-2z\" fill=\"currentColor\"><\/path><\/svg><svg style=\"fill: #999;color:#999\" class=\"arrow-unsorted-368013\" xmlns=\"http:\/\/www.w3.org\/2000\/svg\" width=\"10px\" height=\"10px\" viewBox=\"0 0 24 24\" version=\"1.2\" baseProfile=\"tiny\"><path d=\"M18.2 9.3l-6.2-6.3-6.2 6.3c-.2.2-.3.4-.3.7s.1.5.3.7c.2.2.4.3.7.3h11c.3 0 .5-.1.7-.3.2-.2.3-.5.3-.7s-.1-.5-.3-.7zM5.8 14.7l6.2 6.3 6.2-6.3c.2-.2.3-.5.3-.7s-.1-.5-.3-.7c-.2-.2-.4-.3-.7-.3h-11c-.3 0-.5.1-.7.3-.2.2-.3.5-.3.7s.1.5.3.7z\"\/><\/svg><\/span><\/span><\/span><\/a><\/span><\/div>\n<nav><ul class='ez-toc-list ez-toc-list-level-1 ' ><li class='ez-toc-page-1 ez-toc-heading-level-2'><a class=\"ez-toc-link ez-toc-heading-1\" href=\"https:\/\/www.seguros-impagoalquiler.es\/blog\/ayudas-economicas-a-familias-vulnerables\/07\/2019\/#Oficina_Municipal_de_Vivienda\" >Oficina Municipal de Vivienda<\/a><\/li><li class='ez-toc-page-1 ez-toc-heading-level-2'><a class=\"ez-toc-link ez-toc-heading-2\" href=\"https:\/\/www.seguros-impagoalquiler.es\/blog\/ayudas-economicas-a-familias-vulnerables\/07\/2019\/#Concejalia_de_Vivienda\" >Concejal\u00eda de Vivienda<\/a><\/li><li class='ez-toc-page-1 ez-toc-heading-level-2'><a class=\"ez-toc-link ez-toc-heading-3\" href=\"https:\/\/www.seguros-impagoalquiler.es\/blog\/ayudas-economicas-a-familias-vulnerables\/07\/2019\/#Gobierno_de_Jaen\" >Gobierno de Ja\u00e9n<\/a><\/li><\/ul><\/nav><\/div>\n<h2><span class=\"ez-toc-section\" id=\"Oficina_Municipal_de_Vivienda\"><\/span>Oficina Municipal de Vivienda<span class=\"ez-toc-section-end\"><\/span><\/h2>\n<p>Desde su creaci\u00f3n en el 2017, los vecinos han tenido un mayor acceso a los acuerdos de subvenciones incluso con otras Administraciones. Un ejemplo de ello es el aumento del n\u00famero de beneficiados en materia de alquiler entre los vecinos de Aspe:<\/p>\n<ul>\n<li>En el a\u00f1o 2016 fueron 5.<\/li>\n<li>En el 2017, despu\u00e9s de la creaci\u00f3n de la oficina esta cifra se dispar\u00f3 a 73.<\/li>\n<li>Para el 2018 ya llegaban a 113.<\/li>\n<li>Este a\u00f1o ya lleva 125 beneficiarios.<\/li>\n<\/ul>\n<blockquote><p>Revise ahora los mejores seguros de <a href=\"https:\/\/www.seguroslowcost.es\/seguros-impago-alquiler-lowcost.html\" target=\"_blank\" rel=\"noopener\">impago de alquiler low cost<\/a> para que cuente siempre con la mejor opci\u00f3n<\/p><\/blockquote>\n<h2><span class=\"ez-toc-section\" id=\"Concejalia_de_Vivienda\"><\/span>Concejal\u00eda de Vivienda<span class=\"ez-toc-section-end\"><\/span><\/h2>\n<p>La concejal\u00eda de Vivienda tiene un pr\u00f3ximo objetivo, y es crear una bolsa de viviendas como ayuda a la emergencia habitacional. Es un sistema que incluir\u00e1 tanto bonificaciones a los propietarios como ayudas a inquilinos. Acciones que promocionar\u00e1n el alquiler de viviendas vac\u00edas en Aspe, que todav\u00eda se encuentren en situaci\u00f3n de habitabilidad.<\/p>\n<h2><span class=\"ez-toc-section\" id=\"Gobierno_de_Jaen\"><\/span>Gobierno de Ja\u00e9n<span class=\"ez-toc-section-end\"><\/span><\/h2>\n<p>La prestaci\u00f3n de estas ayudas se ha visto en varias localidades del territorio espa\u00f1ol. El Gobierno local de Ja\u00e9n ha prestado alternativas, aunque no de la misma forma<\/p>\n<p>El viernes pasado la Plataforma de Afectados por la Hipoteca paraliz\u00f3 el desahucio de una familia en el barrio San Juan. Ante la denuncia de la supuesta alta de implicaci\u00f3n por parte de las autoridades locales, el ayuntamiento se pronunci\u00f3.<\/p>\n<p>En su defensa, ya le hab\u00eda ofrecido a la familia vulnerable una vivienda p\u00fablica a la que pod\u00eda acceder desde ese mismo d\u00eda. Solo que los afectados nunca le dieron respuesta, aunque la casa se encontraba en la misma capital. Nines D\u00edaz de la Torre quien es la concejal de Pol\u00edticas Sociales y Somuvisa se\u00f1ala que incluso buscaron en ciudades aleda\u00f1as. Lo cual hicieron a petici\u00f3n de la misma pareja y con apoyo de la Junta. Cuando se le ofreci\u00f3 la alternativa a la vivienda los dejaron en espera.<\/p>\n<p>Se trata de una familia que tiene tres hijos adolescentes de entre 15 y 17 a\u00f1os. Debido a que aun son menores el Gobierno ha buscado alternativas desde hace 15 d\u00edas en coordinaci\u00f3n con varias entidades.<\/p>\n<p>Aunque se trat\u00f3 desde un principio como una amenaza de desahucio por ocupaci\u00f3n ilegal. Poco se pod\u00eda hacer, ya que no se trataba de una situaci\u00f3n de impago alquiler o desalojo por vencimiento de hipoteca.<\/p>\n<p>Adem\u00e1s, los representantes de la Plataforma mencionada siempre estuvieron presentes en las reuniones para ayudar a la familia.<\/p>\n<p>Cabe se\u00f1alar que la principal fuente de ingreso de la familia es la venta ambulante. Por lo que se les dificulta justificar un ingreso fijo para avalar un alquiler. Desde hace 4 a\u00f1os tristemente viven en una casa en contra de la voluntad de los due\u00f1os. Situaci\u00f3n que debe solucionarse lo antes posible.<\/p>\n<blockquote><p>Contrate siempre el mejor <a href=\"https:\/\/www.seguros-impagoalquiler.es\/\">seguro de impago de alquiler<\/a> y mant\u00e9ngase siempre protegido<\/p><\/blockquote>\n","protected":false},"excerpt":{"rendered":"<p>El ayuntamiento de Aspe tramitar\u00e1 las solicitudes de ayudas econ\u00f3micas a familias vulnerables en situaci\u00f3n de emergencia habitacional. Este programa auton\u00f3mico ser\u00e1 gestionado por la Oficina de Vivienda para evitar la perdida de la vivienda o tener acceso a una. Lo que aportar\u00e1 agilidad a los tr\u00e1mites es que la oficina est\u00e1 en el mismo [&hellip;]<\/p>\n","protected":false},"author":1,"featured_media":509,"comment_status":"open","ping_status":"open","sticky":false,"template":"","format":"standard","meta":{"_et_pb_use_builder":"","_et_pb_old_content":"","_et_gb_content_width":"","footnotes":""},"categories":[14],"tags":[],"class_list":["post-508","post","type-post","status-publish","format-standard","has-post-thumbnail","hentry","category-novedades"],"_links":{"self":[{"href":"https:\/\/www.seguros-impagoalquiler.es\/blog\/wp-json\/wp\/v2\/posts\/508","targetHints":{"allow":["GET"]}}],"collection":[{"href":"https:\/\/www.seguros-impagoalquiler.es\/blog\/wp-json\/wp\/v2\/posts"}],"about":[{"href":"https:\/\/www.seguros-impagoalquiler.es\/blog\/wp-json\/wp\/v2\/types\/post"}],"author":[{"embeddable":true,"href":"https:\/\/www.seguros-impagoalquiler.es\/blog\/wp-json\/wp\/v2\/users\/1"}],"replies":[{"embeddable":true,"href":"https:\/\/www.seguros-impagoalquiler.es\/blog\/wp-json\/wp\/v2\/comments?post=508"}],"version-history":[{"count":0,"href":"https:\/\/www.seguros-impagoalquiler.es\/blog\/wp-json\/wp\/v2\/posts\/508\/revisions"}],"wp:featuredmedia":[{"embeddable":true,"href":"https:\/\/www.seguros-impagoalquiler.es\/blog\/wp-json\/wp\/v2\/media\/509"}],"wp:attachment":[{"href":"https:\/\/www.seguros-impagoalquiler.es\/blog\/wp-json\/wp\/v2\/media?parent=508"}],"wp:term":[{"taxonomy":"category","embeddable":true,"href":"https:\/\/www.seguros-impagoalquiler.es\/blog\/wp-json\/wp\/v2\/categories?post=508"},{"taxonomy":"post_tag","embeddable":true,"href":"https:\/\/www.seguros-impagoalquiler.es\/blog\/wp-json\/wp\/v2\/tags?post=508"}],"curies":[{"name":"wp","href":"https:\/\/api.w.org\/{rel}","templated":true}]}}