{"id":436,"date":"2019-04-10T20:23:13","date_gmt":"2019-04-10T20:23:13","guid":{"rendered":"https:\/\/www.seguros-impagoalquiler.es\/blog\/?p=436"},"modified":"2019-04-11T20:43:59","modified_gmt":"2019-04-11T20:43:59","slug":"se-crea-el-sindicato-de-inquilinos-en-mallorca","status":"publish","type":"post","link":"https:\/\/www.seguros-impagoalquiler.es\/blog\/se-crea-el-sindicato-de-inquilinos-en-mallorca\/04\/2019\/","title":{"rendered":"Se crea\u00a0el Sindicato de Inquilinos en Mallorca"},"content":{"rendered":"<p>El d\u00eda viernes el sindicado de inquilinos de Mallorca ha ido a defender de forma activa el derecho a tener una vivienda y un alquiler que sea \u201casequible, digno, estable y seguro\u201d y entre otras cosas, han planteado\u00a0 que los contratos de alquiler sea de 6 a 12 a\u00f1os para las viviendas de peque\u00f1os y grandes propietarios.<\/p>\n<p>En el manifiesto entregado, la entidad ha sostenido que\u00a0 comienza como la iniciativa independiente para combatir todos los abusos cotidianos legales e ilegales ejercidos por bancos, fondos buitres, administraciones publicas y muchos propietarios. Sumado a ello, el sindicato h indicado que conceder\u00e1 asesor\u00edas\u00a0 a todos los asociados para que puedan \u201cenfrentar problemas\u201d referentes a contratos, fianzas, temporalidad,\u00a0 finanzas u obras y condiciones de habitabilidad.<\/p>\n<p>Sumado a ello, han dichos que el coste de los alquileres ha aumentado hasta un cuarenta por ciento en Mallorca, que \u201ccontrasta con los bajos salarios medios de la poblaci\u00f3n\u201d\u00a0 adem\u00e1s aseguran que \u201cla gente est\u00e1 siendo expulsada de sus casas, de sus barrios e incluso de sus islas\u201d\u00a0 en relaci\u00f3n a ello, ha indicado que las reformas de la Ley de Alquiler Urbano (LAU), la \u201cexenci\u00f3n de impuestos imprescindible para hinchar la burbuja\u201d<\/p>\n<p>Por todo lo mencionado, el sindicato\u00a0 ha dicho que existe la posibilidad de realizar una \u201chuela de alquileres\u201d con la finalidad de conseguir \u201calquileres justos y dignos para toda la ciudadan\u00eda.<\/p>\n<blockquote><p>Recuerde contratar un buen <a href=\"https:\/\/seguros-de-alquiler-de-viviendas.seguros-generales.es\/\" target=\"_blank\" rel=\"noopener\">seguro de impago de alquiler<\/a><\/p><\/blockquote>\n<div id=\"ez-toc-container\" class=\"ez-toc-v2_0_82_2 counter-hierarchy ez-toc-counter ez-toc-grey ez-toc-container-direction\">\n<div class=\"ez-toc-title-container\">\n<p class=\"ez-toc-title\" style=\"cursor:inherit\">Table of Contents<\/p>\n<span class=\"ez-toc-title-toggle\"><a href=\"#\" class=\"ez-toc-pull-right ez-toc-btn ez-toc-btn-xs ez-toc-btn-default ez-toc-toggle\" aria-label=\"Alternar tabla de contenidos\"><span class=\"ez-toc-js-icon-con\"><span class=\"\"><span class=\"eztoc-hide\" style=\"display:none;\">Toggle<\/span><span class=\"ez-toc-icon-toggle-span\"><svg style=\"fill: #999;color:#999\" xmlns=\"http:\/\/www.w3.org\/2000\/svg\" class=\"list-377408\" width=\"20px\" height=\"20px\" viewBox=\"0 0 24 24\" fill=\"none\"><path d=\"M6 6H4v2h2V6zm14 0H8v2h12V6zM4 11h2v2H4v-2zm16 0H8v2h12v-2zM4 16h2v2H4v-2zm16 0H8v2h12v-2z\" fill=\"currentColor\"><\/path><\/svg><svg style=\"fill: #999;color:#999\" class=\"arrow-unsorted-368013\" xmlns=\"http:\/\/www.w3.org\/2000\/svg\" width=\"10px\" height=\"10px\" viewBox=\"0 0 24 24\" version=\"1.2\" baseProfile=\"tiny\"><path d=\"M18.2 9.3l-6.2-6.3-6.2 6.3c-.2.2-.3.4-.3.7s.1.5.3.7c.2.2.4.3.7.3h11c.3 0 .5-.1.7-.3.2-.2.3-.5.3-.7s-.1-.5-.3-.7zM5.8 14.7l6.2 6.3 6.2-6.3c.2-.2.3-.5.3-.7s-.1-.5-.3-.7c-.2-.2-.4-.3-.7-.3h-11c-.3 0-.5.1-.7.3-.2.2-.3.5-.3.7s.1.5.3.7z\"\/><\/svg><\/span><\/span><\/span><\/a><\/span><\/div>\n<nav><ul class='ez-toc-list ez-toc-list-level-1 ' ><li class='ez-toc-page-1 ez-toc-heading-level-2'><a class=\"ez-toc-link ez-toc-heading-1\" href=\"https:\/\/www.seguros-impagoalquiler.es\/blog\/se-crea-el-sindicato-de-inquilinos-en-mallorca\/04\/2019\/#Medidas_a_tomar\" >Medidas a tomar<\/a><\/li><li class='ez-toc-page-1 ez-toc-heading-level-2'><a class=\"ez-toc-link ez-toc-heading-2\" href=\"https:\/\/www.seguros-impagoalquiler.es\/blog\/se-crea-el-sindicato-de-inquilinos-en-mallorca\/04\/2019\/#Piensan_convocar_a_una_huelga_para_un_alquiler_justo\" >Piensan convocar a una huelga para un alquiler justo<\/a><\/li><\/ul><\/nav><\/div>\n<h2><span class=\"ez-toc-section\" id=\"Medidas_a_tomar\"><\/span>Medidas a tomar<span class=\"ez-toc-section-end\"><\/span><\/h2>\n<p>El sindicato de inquilinos de Mallorca ha hecho p\u00fablica una tabla de reivindicaci\u00f3n con 1 puntos, en los cuales se encuentran ciertas propuestas, como es el caso de os contratos por 6 y 12 a\u00f1os para las viviendas de peque\u00f1os y grandes propietarios.<\/p>\n<p>Estableciendo un \u00edndice de los costes de alquiler que tomen en consideraci\u00f3n la renta para familias, la obligaci\u00f3n de un impuesto gradual al alquiles, que sea obligatorio para la administraci\u00f3n p\u00fablica alojar nuevamente a las personas que han sido desahuciadas o que se anule el desahucio expr\u00e9s o que se elimine la expropiaci\u00f3n que las administraciones publicas realizan en los pisos que est\u00e1n vacios, que quedaron en las manos de las entidades bancarias, as\u00ed como otros puntos.<\/p>\n<h2><span class=\"ez-toc-section\" id=\"Piensan_convocar_a_una_huelga_para_un_alquiler_justo\"><\/span>Piensan convocar a una huelga para un alquiler justo<span class=\"ez-toc-section-end\"><\/span><\/h2>\n<p>Los creadores y promotores de sindicado de inquilinos de Mallorca eval\u00faan la posibilidad de realizar una convocatoria para que se lleva cabo una huelga, con la finalidad de defender\u00a0\u00a0 un \u201calquiler justo y digno para todos\u201d frente a los costes m\u00e1ximo que en la historia se han visto en la isla y principalmente en la capital.<\/p>\n<p>Seg\u00fan lo expresado por el nuevo sindicato creado existe un \u201ctsunami de desahucios por impago de renta y fin de contrato\u201d que comprometen a una gran cantidad de familias a que ocupen las viviendas, lo que ha llevado a que los desahucios por ocupaci\u00f3n vayan en aumento.<\/p>\n<p>El sindicato ha aclarado que dicha situaci\u00f3n ha derivado de todas las reformas realizadas de manera sucesiva por la LAU, en relaci\u00f3n con el desahucio expr\u00e9s en el a\u00f1o 2009,\u00a0 con privilegios en los impuestos de los grandes propietarios por medio de la SOCIMI, rescatando a la banca y ayudando de manera directa la compra y el alquiler de las primeras viviendas que seg\u00fan es\u00a0 lo que \u201chincharon la burbuja\u201d.<\/p>\n<p>De igual forma han criticado la \u00abla legalizaci\u00f3n del alquiler tur\u00edstico por parte del\u00a0Govern balear, que facilita que se consolide la sustituci\u00f3n de poblaci\u00f3n local por plazas de alquiler tur\u00edstico\u00bb.<\/p>\n<p>Adem\u00e1s, hacen reclamos por la urgente movilizaci\u00f3n de las viviendas que se encuentran desocupadas y el aumento notable del parque p\u00fablico del alquiler social, ofreciendo asesor\u00eda colectiva o de forma individual\u00a0 para aquellos que sufran\u00a0 alg\u00fan problema con los alquileres, bien sea por motivo de temporalidad contractual, por finanzas, condiciones de habitabilidad, obras, clausulas y mantenimiento.<\/p>\n<p>El manifiesto concluye diciendo \u00ab<strong>Como en la huelga de alquileres de 1931<\/strong>, contemplamos la posibilidad de llegar a convocar a la huelga para alcanzar nuestros objetivo de un alquiler justo y digno para todos\u00bb.<\/p>\n<blockquote><p>Utilice el mejor <a href=\"https:\/\/www.seguros-impagoalquiler.es\">comparador de seguros de impago de alquiler<\/a> para contratar su seguro.<\/p><\/blockquote>\n","protected":false},"excerpt":{"rendered":"<p>El d\u00eda viernes el sindicado de inquilinos de Mallorca ha ido a defender de forma activa el derecho a tener una vivienda y un alquiler que sea \u201casequible, digno, estable y seguro\u201d y entre otras cosas, han planteado\u00a0 que los contratos de alquiler sea de 6 a 12 a\u00f1os para las viviendas de peque\u00f1os y [&hellip;]<\/p>\n","protected":false},"author":1,"featured_media":437,"comment_status":"open","ping_status":"open","sticky":false,"template":"","format":"standard","meta":{"_et_pb_use_builder":"","_et_pb_old_content":"","_et_gb_content_width":"","footnotes":""},"categories":[14],"tags":[79,76,78],"class_list":["post-436","post","type-post","status-publish","format-standard","has-post-thumbnail","hentry","category-novedades","tag-mallorca","tag-seguros-de-impago-de-alquiler","tag-sindicato-d-inquilinos"],"_links":{"self":[{"href":"https:\/\/www.seguros-impagoalquiler.es\/blog\/wp-json\/wp\/v2\/posts\/436","targetHints":{"allow":["GET"]}}],"collection":[{"href":"https:\/\/www.seguros-impagoalquiler.es\/blog\/wp-json\/wp\/v2\/posts"}],"about":[{"href":"https:\/\/www.seguros-impagoalquiler.es\/blog\/wp-json\/wp\/v2\/types\/post"}],"author":[{"embeddable":true,"href":"https:\/\/www.seguros-impagoalquiler.es\/blog\/wp-json\/wp\/v2\/users\/1"}],"replies":[{"embeddable":true,"href":"https:\/\/www.seguros-impagoalquiler.es\/blog\/wp-json\/wp\/v2\/comments?post=436"}],"version-history":[{"count":0,"href":"https:\/\/www.seguros-impagoalquiler.es\/blog\/wp-json\/wp\/v2\/posts\/436\/revisions"}],"wp:featuredmedia":[{"embeddable":true,"href":"https:\/\/www.seguros-impagoalquiler.es\/blog\/wp-json\/wp\/v2\/media\/437"}],"wp:attachment":[{"href":"https:\/\/www.seguros-impagoalquiler.es\/blog\/wp-json\/wp\/v2\/media?parent=436"}],"wp:term":[{"taxonomy":"category","embeddable":true,"href":"https:\/\/www.seguros-impagoalquiler.es\/blog\/wp-json\/wp\/v2\/categories?post=436"},{"taxonomy":"post_tag","embeddable":true,"href":"https:\/\/www.seguros-impagoalquiler.es\/blog\/wp-json\/wp\/v2\/tags?post=436"}],"curies":[{"name":"wp","href":"https:\/\/api.w.org\/{rel}","templated":true}]}}