{"id":385,"date":"2019-01-11T19:37:42","date_gmt":"2019-01-11T19:37:42","guid":{"rendered":"https:\/\/www.seguros-impagoalquiler.es\/blog\/?p=385"},"modified":"2019-01-11T19:37:47","modified_gmt":"2019-01-11T19:37:47","slug":"podemos-en-contra-de-los-pago-excesivos-de-alquileres","status":"publish","type":"post","link":"https:\/\/www.seguros-impagoalquiler.es\/blog\/podemos-en-contra-de-los-pago-excesivos-de-alquileres\/01\/2019\/","title":{"rendered":"Podemos en contra de los pago excesivos de alquileres"},"content":{"rendered":"\n<p>El partido pol\u00edtico espa\u00f1ol Podemos ha anunciado su disgusto por el pago excesivo de alquileres. Esta organizaci\u00f3n fue instaurada en marzo del 2014 con el prop\u00f3sito de promover y defender la igualdad social.<\/p>\n\n\n\n<p style=\"text-align:center\"><a href=\"https:\/\/www.seguros-impagoalquiler.es\/blog\/\">https:\/\/www.seguros-impagoalquiler.es\/blog\/<\/a><\/p>\n\n\n\n<p>Podemos lucha constantemente\npor los derechos humanos en general. De esa forma tratan de que se les brinde a\ntodas las personas buena condici\u00f3n econ\u00f3mica, social, cultural, entre otros.<\/p>\n\n\n\n<div id=\"ez-toc-container\" class=\"ez-toc-v2_0_82_2 counter-hierarchy ez-toc-counter ez-toc-grey ez-toc-container-direction\">\n<div class=\"ez-toc-title-container\">\n<p class=\"ez-toc-title\" style=\"cursor:inherit\">Table of Contents<\/p>\n<span class=\"ez-toc-title-toggle\"><a href=\"#\" class=\"ez-toc-pull-right ez-toc-btn ez-toc-btn-xs ez-toc-btn-default ez-toc-toggle\" aria-label=\"Alternar tabla de contenidos\"><span class=\"ez-toc-js-icon-con\"><span class=\"\"><span class=\"eztoc-hide\" style=\"display:none;\">Toggle<\/span><span class=\"ez-toc-icon-toggle-span\"><svg style=\"fill: #999;color:#999\" xmlns=\"http:\/\/www.w3.org\/2000\/svg\" class=\"list-377408\" width=\"20px\" height=\"20px\" viewBox=\"0 0 24 24\" fill=\"none\"><path d=\"M6 6H4v2h2V6zm14 0H8v2h12V6zM4 11h2v2H4v-2zm16 0H8v2h12v-2zM4 16h2v2H4v-2zm16 0H8v2h12v-2z\" fill=\"currentColor\"><\/path><\/svg><svg style=\"fill: #999;color:#999\" class=\"arrow-unsorted-368013\" xmlns=\"http:\/\/www.w3.org\/2000\/svg\" width=\"10px\" height=\"10px\" viewBox=\"0 0 24 24\" version=\"1.2\" baseProfile=\"tiny\"><path d=\"M18.2 9.3l-6.2-6.3-6.2 6.3c-.2.2-.3.4-.3.7s.1.5.3.7c.2.2.4.3.7.3h11c.3 0 .5-.1.7-.3.2-.2.3-.5.3-.7s-.1-.5-.3-.7zM5.8 14.7l6.2 6.3 6.2-6.3c.2-.2.3-.5.3-.7s-.1-.5-.3-.7c-.2-.2-.4-.3-.7-.3h-11c-.3 0-.5.1-.7.3-.2.2-.3.5-.3.7s.1.5.3.7z\"\/><\/svg><\/span><\/span><\/span><\/a><\/span><\/div>\n<nav><ul class='ez-toc-list ez-toc-list-level-1 ' ><li class='ez-toc-page-1 ez-toc-heading-level-2'><a class=\"ez-toc-link ez-toc-heading-1\" href=\"https:\/\/www.seguros-impagoalquiler.es\/blog\/podemos-en-contra-de-los-pago-excesivos-de-alquileres\/01\/2019\/#Llamado_de_atencion_para_el_gobierno\" >Llamado de atenci\u00f3n para\nel gobierno<\/a><ul class='ez-toc-list-level-3' ><li class='ez-toc-heading-level-3'><a class=\"ez-toc-link ez-toc-heading-2\" href=\"https:\/\/www.seguros-impagoalquiler.es\/blog\/podemos-en-contra-de-los-pago-excesivos-de-alquileres\/01\/2019\/#Solicitan_nuevos_cambios\" >Solicitan nuevos cambios<\/a><\/li><\/ul><\/li><li class='ez-toc-page-1 ez-toc-heading-level-2'><a class=\"ez-toc-link ez-toc-heading-3\" href=\"https:\/\/www.seguros-impagoalquiler.es\/blog\/podemos-en-contra-de-los-pago-excesivos-de-alquileres\/01\/2019\/#La_Organizacion_Podemos_se_mantiene_firme_ante_su_postura\" >La\nOrganizaci\u00f3n Podemos se mantiene firme ante su postura<\/a><\/li><\/ul><\/nav><\/div>\n<h2 class=\"wp-block-heading\"><span class=\"ez-toc-section\" id=\"Llamado_de_atencion_para_el_gobierno\"><\/span>Llamado de atenci\u00f3n para\nel gobierno<strong><\/strong><span class=\"ez-toc-section-end\"><\/span><\/h2>\n\n\n\n<p>Podemos ha hecho un llamado\nde atenci\u00f3n una vez m\u00e1s al presidente del gobierno de Espa\u00f1a, Pedro S\u00e1nchez. En\ndicho llamado inform\u00f3 que solo contar\u00edan con su colaboraci\u00f3n, en los\nPresupuestos Generales del Estado, si cumpl\u00edan con las medidas pautadas con la formaci\u00f3n\nmorada. Adem\u00e1s de cumplir con el acuerdo hecho sobre los l\u00edmites de los costes\nde los alquiler.<\/p>\n\n\n\n<p>Dentro de los acuerdos se\nencuentra un incremento de m\u00e1s de 35% de la inversi\u00f3n en dependencia, la\nlimitaci\u00f3n de los costes de los alquileres, el incremento de la inversi\u00f3n en\nlos hogares, la ciencia y la tecnolog\u00eda. Por eso, la Organizaci\u00f3n Podemos est\u00e1\ncon la vista puesta en el gobierno, esperando que cumpla todo lo pautado.<\/p>\n\n\n\n<p>Si todo sea hace al pie de la\nletra, contar\u00e1n con su colaboraci\u00f3n &nbsp;con los presupuestos. De hecho, se\nespera que el gobierno cumpla, pues fue acordado, condicionado, e incluso\nfirmado dichas regulaciones por el mismo presidente.<\/p>\n\n\n\n<p>Claro, la Organizaci\u00f3n\nPodemos est\u00e1 consciente de que dichas regulaciones y acuerdos van a dejar una\ngran marca en el presupuestario y fuera del presupuesto. Pues habr\u00e1 aumentos de\nsalarios y revocaciones de ley como la mordaza. Donde imped\u00eda cualquier clase\nde expresi\u00f3n o manifestaci\u00f3n. <\/p>\n\n\n\n<h3 class=\"wp-block-heading\"><span class=\"ez-toc-section\" id=\"Solicitan_nuevos_cambios\"><\/span>Solicitan nuevos cambios<strong><\/strong><span class=\"ez-toc-section-end\"><\/span><\/h3>\n\n\n\n<p>Tambi\u00e9n, Echenique habl\u00f3\nsobre la decisi\u00f3n que hab\u00eda tomado el Senado al bajar de gran manera la senda\nde d\u00e9ficit de 1,8 que hab\u00eda instaurado Bruselas, la principal sede\nadministrativa de la Uni\u00f3n Europea. De hecho, mencion\u00f3 que era asombroso que un\npa\u00eds de Europa responda a las instituciones que le solicitan &nbsp;severidad\ncon a\u00fan m\u00e1s severidad de lo requerido.<\/p>\n\n\n\n<p>De all\u00ed, que ha solicitado al\ngobierno espa\u00f1ol, en espec\u00edfico al presidente Pedro S\u00e1nchez, que en este a\u00f1o\n2019 se vuelva a poner igual que antes. Es decir, en 1,8 y no en 1,3 que fue\nestablecido por el Senado. Por su puesto, se necesita de cambios en diferentes\npartidas de las cuentas para lograrlo.<\/p>\n\n\n\n<h2 class=\"wp-block-heading\"><span class=\"ez-toc-section\" id=\"La_Organizacion_Podemos_se_mantiene_firme_ante_su_postura\"><\/span>La\nOrganizaci\u00f3n Podemos se mantiene firme ante su postura<strong><\/strong><span class=\"ez-toc-section-end\"><\/span><\/h2>\n\n\n\n<p>Si se logra hacer realidad la\naprobaci\u00f3n de dichas cuentas p\u00fablicas, se reconocer\u00e1 que es muy beneficioso que\nel parlamento dure m\u00e1s tiempo como est\u00e1. As\u00ed se efectuar\u00e1n todas las medidas\nplaneadas y no habr\u00e1 ning\u00fan paro u obst\u00e1culos que puedan impedirles. Pero si\nlas respuesta no es la esperada, el dirigente de podemos opina que el Gobierno\nespa\u00f1ol un durar\u00e1 mucho tiempo con dicho mando, pues ser\u00e1 muy fr\u00e1gil.<\/p>\n\n\n\n<p>Incluso, afirma que si no se cumplen dichos acuerdos har\u00e1n un llamado para realizar un adelanto electoral. Asegurando de esa manera que est\u00e1 listo y equipado para ganarles a todos los que atraviesen.<\/p>\n\n\n\n<p style=\"text-align:center\"><a href=\"https:\/\/www.seguros-impagoalquiler.es\/blog\/\">https:\/\/www.seguros-impagoalquiler.es\/blog\/<\/a><\/p>\n\n\n\n<p>Todas estas declaraciones\nfueron dadas por Pablo Echenique quien es el secretario de la Organizaci\u00f3n\nPodemos. Por otro lado, Echenique ha informado que espera que, EL Partido\nSocialista Obrero Espa\u00f1ol, cumpla con lo ya establecido. Pues as\u00ed, se podr\u00e1n\ndecretar los presupuestos generales, beneficiando al parlamento alargandolo un\ntiempo m\u00e1s.<\/p>\n\n\n\n<p>Por otra parte, en una\nentrevista hecha al presidente Pedro S\u00e1nchez, expres\u00f3 que imponer esos nuevos\nestatutos acerca de los costes de los alquileres no solo le compete a \u00e9l. Que\nnecesitaba la mayor cantidad de votos del congreso para poder dar la aprobaci\u00f3n\na todas esas declaraciones.<\/p>\n","protected":false},"excerpt":{"rendered":"<p>El partido pol\u00edtico espa\u00f1ol Podemos ha anunciado su disgusto por el pago excesivo de alquileres. Esta organizaci\u00f3n fue instaurada en marzo del 2014 con el prop\u00f3sito de promover y defender la igualdad social. https:\/\/www.seguros-impagoalquiler.es\/blog\/ Podemos lucha constantemente por los derechos humanos en general. De esa forma tratan de que se les brinde a todas las [&hellip;]<\/p>\n","protected":false},"author":1,"featured_media":387,"comment_status":"open","ping_status":"open","sticky":false,"template":"","format":"standard","meta":{"_et_pb_use_builder":"","_et_pb_old_content":"","_et_gb_content_width":"","footnotes":""},"categories":[1],"tags":[],"class_list":["post-385","post","type-post","status-publish","format-standard","has-post-thumbnail","hentry","category-sin-categoria"],"_links":{"self":[{"href":"https:\/\/www.seguros-impagoalquiler.es\/blog\/wp-json\/wp\/v2\/posts\/385","targetHints":{"allow":["GET"]}}],"collection":[{"href":"https:\/\/www.seguros-impagoalquiler.es\/blog\/wp-json\/wp\/v2\/posts"}],"about":[{"href":"https:\/\/www.seguros-impagoalquiler.es\/blog\/wp-json\/wp\/v2\/types\/post"}],"author":[{"embeddable":true,"href":"https:\/\/www.seguros-impagoalquiler.es\/blog\/wp-json\/wp\/v2\/users\/1"}],"replies":[{"embeddable":true,"href":"https:\/\/www.seguros-impagoalquiler.es\/blog\/wp-json\/wp\/v2\/comments?post=385"}],"version-history":[{"count":0,"href":"https:\/\/www.seguros-impagoalquiler.es\/blog\/wp-json\/wp\/v2\/posts\/385\/revisions"}],"wp:featuredmedia":[{"embeddable":true,"href":"https:\/\/www.seguros-impagoalquiler.es\/blog\/wp-json\/wp\/v2\/media\/387"}],"wp:attachment":[{"href":"https:\/\/www.seguros-impagoalquiler.es\/blog\/wp-json\/wp\/v2\/media?parent=385"}],"wp:term":[{"taxonomy":"category","embeddable":true,"href":"https:\/\/www.seguros-impagoalquiler.es\/blog\/wp-json\/wp\/v2\/categories?post=385"},{"taxonomy":"post_tag","embeddable":true,"href":"https:\/\/www.seguros-impagoalquiler.es\/blog\/wp-json\/wp\/v2\/tags?post=385"}],"curies":[{"name":"wp","href":"https:\/\/api.w.org\/{rel}","templated":true}]}}