{"id":368,"date":"2019-01-07T10:32:47","date_gmt":"2019-01-07T10:32:47","guid":{"rendered":"https:\/\/www.seguros-impagoalquiler.es\/blog\/?p=368"},"modified":"2019-01-07T10:34:24","modified_gmt":"2019-01-07T10:34:24","slug":"limitacion-de-precios-de-alquileres-en-espana","status":"publish","type":"post","link":"https:\/\/www.seguros-impagoalquiler.es\/blog\/limitacion-de-precios-de-alquileres-en-espana\/01\/2019\/","title":{"rendered":"Limitaci\u00f3n de precios de alquileres en Espa\u00f1a"},"content":{"rendered":"\n<p>Pese al freno de la Econom\u00eda, los ministerios de Hacienda y Econom\u00eda se comprometieron a aplicar la limitaci\u00f3n de precios de alquileres en Espa\u00f1a.<\/p>\n\n\n\n<p>De acuerdo a las declaraciones otorgadas por la ministra de Hacienda, Mar\u00eda Jes\u00fas Montero, prometi\u00f3 asegurar la creaci\u00f3n e implementaci\u00f3n de herramientas, cuya \u00fanica finalidad ser\u00e1 de mantener los precios de los alquileres congelados por el mayor tiempo posible dentro de zonas residenciales de alta demanda. <\/p>\n\n\n\n<p>Este compromiso se dio durante el pacto presupuestario del mes de octubre del 2018, en conjunto con el partido podemos.<\/p>\n\n\n\n<blockquote class=\"wp-block-quote is-layout-flow wp-block-quote-is-layout-flow\"><p> <em>Para obtener el mejor seguro de alquileres, es necesario utilizar <\/em><a href=\"https:\/\/www.seguros-generales.es\/\" target=\"_blank\" rel=\"noopener\"><em>el mejor comparador de seguros<\/em><\/a> <\/p><\/blockquote>\n\n\n\n<p>De acuerdo a declaraciones otorgadas por la misma Dr. Montero en la cadena Ser, &nbsp;al ser cuestionada sobre las consecuencia ofrecidas por podemos en caso de que la moci\u00f3n de ley no fuera aprobada, la misma dijo \u00ab<em>El Gobierno cumple con lo que pacta, cumple con sus compromisos, al igual que lo hace el PSOE. Todo lo que se pact\u00f3 con Podemos lo llevar\u00e1 a cabo\u00bb.<\/em><\/p>\n\n\n\n<p>A pesar de la disposici\u00f3n de colaboraci\u00f3n ofrecida por la ministra, esta misma explic\u00f3 que la implementaci\u00f3n forzadas de herramientas para intervenir los precios directamente queda fuera de la discusi\u00f3n para su inclusi\u00f3n en el decreto de ley debido al consejo de t\u00e9cnicos especializados que no logran observar una manera viable de agregar estas medidas tan necesitadas de forma que no afecte negativamente al sector inmobiliario.<\/p>\n\n\n\n<h2 class=\"wp-block-heading\">Opiniones expertas<\/h2>\n\n\n\n<p>De acuerdo a la opini\u00f3n experta, frenar los precios en el\nestado actual de la econom\u00eda espa\u00f1ola presenta un peligro muy grave para los\nmercados y lo \u00faltimo que desea el gabinete es desencadenar otra crisis\necon\u00f3mica como la vivida en el 2008 debido al descontrol de los sectores\ninmobiliarios. \u201cEs necesario llegar a una soluci\u00f3n la cual maximice los\nbeneficios por sobre las consecuencias negativas\u201d declaro uno de los voceros\ndel ministerio.<\/p>\n\n\n\n<p>De acuerdo a informaci\u00f3n oficial recolectada por el portal EL MUNDO, el gobierno destac\u00f3 que la iniciativa ser\u00eda discutida y abordada llev\u00e1ndola para ser convertida en un decreto de ley, y de ah\u00ed una discusi\u00f3n parlamentaria. Para ver si  podr\u00e1 desarrollarse como un proyecto de ley. Y en caso de que logre pasar, ser\u00eda agregada a la ley de Presupuestos Generales del Estado.<\/p>\n\n\n\n<p>Este crisis de alquileres se suma en conjunto a otros esc\u00e1ndalos que fueron enfrentados por el mismo gabinete durante el a\u00f1o 2018. Sin embargo, se nota una tendencia negativa a las medidas de parte de la ministra de Econom\u00eda y Empresa Nadia Calvi\u00f1o para fijar montos m\u00e1ximos designados a los alquileres. <\/p>\n\n\n\n<blockquote class=\"wp-block-quote is-layout-flow wp-block-quote-is-layout-flow\"><p><em>Para obtener el mejor seguro de alquileres, es necesario utilizar <\/em><a href=\"https:\/\/www.seguros-generales.es\/\" target=\"_blank\" rel=\"noopener\"><em>el mejor comparador de seguros<\/em><\/a><\/p><\/blockquote>\n\n\n\n<p>Calvi\u00f1o asegur\u00f3 que la \u00fanica forma de llegar a una conclusi\u00f3n sobre estas medidas, es a trav\u00e9s de un consenso colectivo entre todos los miembros del gabinete. De manera que la opci\u00f3n pueda tener un soporte econ\u00f3mico estable y que las repercusiones se han lo m\u00e1s bajas posible.<\/p>\n","protected":false},"excerpt":{"rendered":"<p>Pese al freno de la Econom\u00eda, los ministerios de Hacienda y Econom\u00eda se comprometieron a aplicar la limitaci\u00f3n de precios de alquileres en Espa\u00f1a. De acuerdo a las declaraciones otorgadas por la ministra de Hacienda, Mar\u00eda Jes\u00fas Montero, prometi\u00f3 asegurar la creaci\u00f3n e implementaci\u00f3n de herramientas, cuya \u00fanica finalidad ser\u00e1 de mantener los precios de [&hellip;]<\/p>\n","protected":false},"author":1,"featured_media":370,"comment_status":"open","ping_status":"open","sticky":false,"template":"","format":"standard","meta":{"_et_pb_use_builder":"","_et_pb_old_content":"","_et_gb_content_width":"","footnotes":""},"categories":[1],"tags":[],"class_list":["post-368","post","type-post","status-publish","format-standard","has-post-thumbnail","hentry","category-sin-categoria"],"_links":{"self":[{"href":"https:\/\/www.seguros-impagoalquiler.es\/blog\/wp-json\/wp\/v2\/posts\/368","targetHints":{"allow":["GET"]}}],"collection":[{"href":"https:\/\/www.seguros-impagoalquiler.es\/blog\/wp-json\/wp\/v2\/posts"}],"about":[{"href":"https:\/\/www.seguros-impagoalquiler.es\/blog\/wp-json\/wp\/v2\/types\/post"}],"author":[{"embeddable":true,"href":"https:\/\/www.seguros-impagoalquiler.es\/blog\/wp-json\/wp\/v2\/users\/1"}],"replies":[{"embeddable":true,"href":"https:\/\/www.seguros-impagoalquiler.es\/blog\/wp-json\/wp\/v2\/comments?post=368"}],"version-history":[{"count":0,"href":"https:\/\/www.seguros-impagoalquiler.es\/blog\/wp-json\/wp\/v2\/posts\/368\/revisions"}],"wp:featuredmedia":[{"embeddable":true,"href":"https:\/\/www.seguros-impagoalquiler.es\/blog\/wp-json\/wp\/v2\/media\/370"}],"wp:attachment":[{"href":"https:\/\/www.seguros-impagoalquiler.es\/blog\/wp-json\/wp\/v2\/media?parent=368"}],"wp:term":[{"taxonomy":"category","embeddable":true,"href":"https:\/\/www.seguros-impagoalquiler.es\/blog\/wp-json\/wp\/v2\/categories?post=368"},{"taxonomy":"post_tag","embeddable":true,"href":"https:\/\/www.seguros-impagoalquiler.es\/blog\/wp-json\/wp\/v2\/tags?post=368"}],"curies":[{"name":"wp","href":"https:\/\/api.w.org\/{rel}","templated":true}]}}