{"id":350,"date":"2018-12-20T13:47:12","date_gmt":"2018-12-20T13:47:12","guid":{"rendered":"https:\/\/www.seguros-impagoalquiler.es\/blog\/?p=350"},"modified":"2018-12-20T13:47:50","modified_gmt":"2018-12-20T13:47:50","slug":"firman-acuerdo-de-desahucios","status":"publish","type":"post","link":"https:\/\/www.seguros-impagoalquiler.es\/blog\/firman-acuerdo-de-desahucios\/12\/2018\/","title":{"rendered":"Firman acuerdo de desahucios"},"content":{"rendered":"\n<p>El Consejo y el Gobierno regional se presentaron en el juzgado para <strong>firmar un acuerdo para activar la detecci\u00f3n precoz<\/strong>. As\u00ed las autoridades pertinentes podr\u00edan estar al tanto de cada caso vulnerable<\/p>\n\n\n\n<p style=\"text-align:center\"><strong><em><a href=\"https:\/\/www.seguros-impagoalquiler.es\/\">Compara los seguros de Alquiler de Viviendas m\u00e1s baratos en tan solo unos minutos<\/a><\/em><\/strong><\/p>\n\n\n\n<p>Cuando est\u00e1n cumpli\u00e9ndose casi dos a\u00f1os desde un primer convenio entre el Gobierno de Castilla-La Mancha y el Consejo General Poder Judicial.&nbsp; En el que tambi\u00e9n se estipulaba informar para <strong>evitar desahucios,<\/strong> pero que la administraci\u00f3n no tiene registro.<\/p>\n\n\n\n<p>Casto S\u00e1nchez, el director provincial de la Consejer\u00eda de Fomento indic\u00f3 la vigencia del convenio y la apertura de posibilidades. Sin embargo, se han tenido que<strong> paralizar ciertos desahucios por la vulnerabilidad de las familias.<\/strong><\/p>\n\n\n\n<div id=\"ez-toc-container\" class=\"ez-toc-v2_0_82_2 counter-hierarchy ez-toc-counter ez-toc-grey ez-toc-container-direction\">\n<div class=\"ez-toc-title-container\">\n<p class=\"ez-toc-title\" style=\"cursor:inherit\">Table of Contents<\/p>\n<span class=\"ez-toc-title-toggle\"><a href=\"#\" class=\"ez-toc-pull-right ez-toc-btn ez-toc-btn-xs ez-toc-btn-default ez-toc-toggle\" aria-label=\"Alternar tabla de contenidos\"><span class=\"ez-toc-js-icon-con\"><span class=\"\"><span class=\"eztoc-hide\" style=\"display:none;\">Toggle<\/span><span class=\"ez-toc-icon-toggle-span\"><svg style=\"fill: #999;color:#999\" xmlns=\"http:\/\/www.w3.org\/2000\/svg\" class=\"list-377408\" width=\"20px\" height=\"20px\" viewBox=\"0 0 24 24\" fill=\"none\"><path d=\"M6 6H4v2h2V6zm14 0H8v2h12V6zM4 11h2v2H4v-2zm16 0H8v2h12v-2zM4 16h2v2H4v-2zm16 0H8v2h12v-2z\" fill=\"currentColor\"><\/path><\/svg><svg style=\"fill: #999;color:#999\" class=\"arrow-unsorted-368013\" xmlns=\"http:\/\/www.w3.org\/2000\/svg\" width=\"10px\" height=\"10px\" viewBox=\"0 0 24 24\" version=\"1.2\" baseProfile=\"tiny\"><path d=\"M18.2 9.3l-6.2-6.3-6.2 6.3c-.2.2-.3.4-.3.7s.1.5.3.7c.2.2.4.3.7.3h11c.3 0 .5-.1.7-.3.2-.2.3-.5.3-.7s-.1-.5-.3-.7zM5.8 14.7l6.2 6.3 6.2-6.3c.2-.2.3-.5.3-.7s-.1-.5-.3-.7c-.2-.2-.4-.3-.7-.3h-11c-.3 0-.5.1-.7.3-.2.2-.3.5-.3.7s.1.5.3.7z\"\/><\/svg><\/span><\/span><\/span><\/a><\/span><\/div>\n<nav><ul class='ez-toc-list ez-toc-list-level-1 ' ><li class='ez-toc-page-1 ez-toc-heading-level-3'><a class=\"ez-toc-link ez-toc-heading-1\" href=\"https:\/\/www.seguros-impagoalquiler.es\/blog\/firman-acuerdo-de-desahucios\/12\/2018\/#Oficina_de_Intermediacion_Hipotecaria\" >Oficina de Intermediaci\u00f3n Hipotecaria<\/a><\/li><li class='ez-toc-page-1 ez-toc-heading-level-3'><a class=\"ez-toc-link ez-toc-heading-2\" href=\"https:\/\/www.seguros-impagoalquiler.es\/blog\/firman-acuerdo-de-desahucios\/12\/2018\/#Consideran_injustos_sus_desalojos\" >Consideran injustos sus desalojos<\/a><\/li><li class='ez-toc-page-1 ez-toc-heading-level-3'><a class=\"ez-toc-link ez-toc-heading-3\" href=\"https:\/\/www.seguros-impagoalquiler.es\/blog\/firman-acuerdo-de-desahucios\/12\/2018\/#Aumento_injustificado_de_los_montos_a_pagar\" >Aumento injustificado de los montos a pagar<\/a><\/li><\/ul><\/nav><\/div>\n<h3 class=\"wp-block-heading\"><span class=\"ez-toc-section\" id=\"Oficina_de_Intermediacion_Hipotecaria\"><\/span>Oficina de Intermediaci\u00f3n Hipotecaria<span class=\"ez-toc-section-end\"><\/span><\/h3>\n\n\n\n<p>Son <strong>31 casos por impago de hipoteca o alquiler<\/strong> detenidos por la Oficina de Intermediaci\u00f3n Hipotecaria (OIH) de Ciudad Real. De los cuales son <strong>10 desde la firma del convenio.<\/strong><\/p>\n\n\n\n<p>Como declar\u00f3 el director provincial, quien <strong>no neg\u00f3 la existencia de algunos casos de riesgo<\/strong>. De los que no dio datos en respeto a la ley de protecci\u00f3n, pero si se ha evitado el desahucio. Aboga por la mediaci\u00f3n para resolver el conflicto y dar apoyo a las familias m\u00e1s afectadas.<\/p>\n\n\n\n<p>S\u00e1nchez inform\u00f3 que el perfil de los que solicitan ayuda cuando se trata de hipotecas suelen tener entre <strong>35 y 50 a\u00f1os<\/strong>. Espa\u00f1oles, que viven en parejas y tienen hijos bajo su custodia. Su vulnerabilidad radica en que se quedan sin empleo y tienen <strong>graves problemas laborales y econ\u00f3micos.<\/strong><\/p>\n\n\n\n<p>Otro sector afectado es el conformado por las personas mayores. Lo que ha representado un gran esfuerzo por la Oficina de intermediaci\u00f3n Hipotecaria. <strong>Aplicando el suscrito convenio para evitar desahucios violentos.<\/strong><\/p>\n\n\n\n<p>La informaci\u00f3n de que existe una oficina que se ocupa de estos casos facilitando el proceso se ha difundido entre los mismos involucrados. Al contactar con la misma<strong> se activa un protocolo de servicio de asesor\u00eda legal y social<\/strong>, o ambas de ser necesario.<\/p>\n\n\n\n<p>Se concentran la mayor\u00eda de los casos en Ciudad Real capital en Villarrubia de los Ojos, Miguelturra y Almad\u00e9n. Y otros casos en los <strong>municipios m\u00e1s poblados de la provincia.<\/strong> Recuerdan que <strong>el convenio existe con motivo de las medidas gubernamentales.<\/strong><\/p>\n\n\n\n<p>Que aplican a vivienda social y otras medidas humanitarias, y el cese de datos de procedimientos hipotecarios y desahucios. En<strong> el convenio tambi\u00e9n est\u00e1 suscrito el riesgo de exclusi\u00f3n que afecte a los impagos de alquiler.<\/strong> <\/p>\n\n\n\n<p>As\u00ed se comunica r\u00e1pidamente a los profesionales de la oficina de intervenci\u00f3n hipotecaria en el inicio del procedimiento. Quiz\u00e1 por medio de los mismos funcionarios del tribunal,<strong> siempre que los afectados accedan voluntariamente a ser apoyados.<\/strong> <\/p>\n\n\n\n<h3 class=\"wp-block-heading\"><span class=\"ez-toc-section\" id=\"Consideran_injustos_sus_desalojos\"><\/span>Consideran injustos sus desalojos<span class=\"ez-toc-section-end\"><\/span><\/h3>\n\n\n\n<p>El edificio H\u00e1bitat Plus de A Barcala <strong>ha permanecido por casi 20 a\u00f1os para que residan personas de tercera edad<\/strong>. Sin embargo, las fallas del negocio terminaron por convertir algunas habitaciones en estudios.<\/p>\n\n\n\n<p>Tambi\u00e9n albergaron personas menores de 30 a\u00f1os o mayores de 65 que cumplieran los requisitos de alquileres sociales. El Concello de Cambre intermedio en un principio con los propietarios. No obstante, estos vendieron el edificio y la nueva compa\u00f1\u00eda <strong>no est\u00e1 cumpliendo con las condiciones del contrato.<\/strong><\/p>\n\n\n\n<p>Los mismos inquilinos denuncian <strong>el incumplimiento y los gastos que les imponen no est\u00e1n bien justificados.<\/strong> <\/p>\n\n\n\n<h3 class=\"wp-block-heading\"><span class=\"ez-toc-section\" id=\"Aumento_injustificado_de_los_montos_a_pagar\"><\/span>Aumento injustificado de los montos a pagar<span class=\"ez-toc-section-end\"><\/span><\/h3>\n\n\n\n<p>Una inquilina&nbsp;de<strong> 53 a\u00f1os<\/strong>&nbsp;desde el 4 cuando cumpli\u00f3 con una cita en el juzgado para comparecer por la orden de desahucio por impago. <\/p>\n\n\n\n<p>Primero la deuda<strong> era de 1.200 euros, pero esta fue increment\u00e1ndose hasta llegar a 2.800. <\/strong>Aunque la cita fue pospuesta hasta el 2, no tiene esperanza alguna, <strong>no tiene c\u00f3mo pagar y tampoco a donde ir.<\/strong><\/p>\n\n\n\n<p style=\"text-align:center\"><strong><em><a href=\"https:\/\/www.seguros-impagoalquiler.es\/\">Compara los seguros de Alquiler de Viviendas m\u00e1s baratos en tan solo unos minutos<\/a><\/em><\/strong><\/p>\n\n\n\n<p>Cuando ella firm\u00f3 el contrato de alquiler, cancelaba puntualmente 200 euros que inclu\u00eda el agua fr\u00eda y la electricidad. Dos a\u00f1os y medio m\u00e1s tarde, sin previo aviso llegaron a cobrarle 400. <strong>Solicit\u00f3 junto a los dem\u00e1s inquilinos que la administraci\u00f3n diera justificaci\u00f3n de los incrementos, pero esta nunca lleg\u00f3.<\/strong><\/p>\n\n\n\n<p>Fueron a\u00f1adiendo 70 euros por la recolecci\u00f3n de desechos, y <strong>la electricidad subi\u00f3 de 17 a 40 euros en una noche. <\/strong>Se neg\u00f3 a pagar pues consider\u00f3 que eran gastos sin explicaci\u00f3n y porque tampoco ten\u00eda con qu\u00e9 hacerlo. Tras la acumulaci\u00f3n de las deudas, la orden de desahucio fue inevitable.<\/p>\n\n\n\n<blockquote class=\"wp-block-quote is-layout-flow wp-block-quote-is-layout-flow\"><p>Dato curioso<\/p><p>La manera como el Concello de Cambre intenta una soluci\u00f3n es la negociaci\u00f3n con la empresa propietaria. Ya que evidentemente no est\u00e1n cumpliendo los convenios requeridos para el alquiler social. Es la confianza que tienen los inquilinos para no quedar en la calle.<\/p><\/blockquote>\n","protected":false},"excerpt":{"rendered":"<p>El Consejo y el Gobierno regional se presentaron en el juzgado para firmar un acuerdo para activar la detecci\u00f3n precoz. As\u00ed las autoridades pertinentes podr\u00edan estar al tanto de cada caso vulnerable Compara los seguros de Alquiler de Viviendas m\u00e1s baratos en tan solo unos minutos Cuando est\u00e1n cumpli\u00e9ndose casi dos a\u00f1os desde un primer [&hellip;]<\/p>\n","protected":false},"author":1,"featured_media":353,"comment_status":"open","ping_status":"open","sticky":false,"template":"","format":"standard","meta":{"_et_pb_use_builder":"","_et_pb_old_content":"","_et_gb_content_width":"","footnotes":""},"categories":[1],"tags":[],"class_list":["post-350","post","type-post","status-publish","format-standard","has-post-thumbnail","hentry","category-sin-categoria"],"_links":{"self":[{"href":"https:\/\/www.seguros-impagoalquiler.es\/blog\/wp-json\/wp\/v2\/posts\/350","targetHints":{"allow":["GET"]}}],"collection":[{"href":"https:\/\/www.seguros-impagoalquiler.es\/blog\/wp-json\/wp\/v2\/posts"}],"about":[{"href":"https:\/\/www.seguros-impagoalquiler.es\/blog\/wp-json\/wp\/v2\/types\/post"}],"author":[{"embeddable":true,"href":"https:\/\/www.seguros-impagoalquiler.es\/blog\/wp-json\/wp\/v2\/users\/1"}],"replies":[{"embeddable":true,"href":"https:\/\/www.seguros-impagoalquiler.es\/blog\/wp-json\/wp\/v2\/comments?post=350"}],"version-history":[{"count":0,"href":"https:\/\/www.seguros-impagoalquiler.es\/blog\/wp-json\/wp\/v2\/posts\/350\/revisions"}],"wp:featuredmedia":[{"embeddable":true,"href":"https:\/\/www.seguros-impagoalquiler.es\/blog\/wp-json\/wp\/v2\/media\/353"}],"wp:attachment":[{"href":"https:\/\/www.seguros-impagoalquiler.es\/blog\/wp-json\/wp\/v2\/media?parent=350"}],"wp:term":[{"taxonomy":"category","embeddable":true,"href":"https:\/\/www.seguros-impagoalquiler.es\/blog\/wp-json\/wp\/v2\/categories?post=350"},{"taxonomy":"post_tag","embeddable":true,"href":"https:\/\/www.seguros-impagoalquiler.es\/blog\/wp-json\/wp\/v2\/tags?post=350"}],"curies":[{"name":"wp","href":"https:\/\/api.w.org\/{rel}","templated":true}]}}