{"id":270,"date":"2018-10-19T21:10:59","date_gmt":"2018-10-19T21:10:59","guid":{"rendered":"https:\/\/www.seguros-impagoalquiler.es\/blog\/?p=270"},"modified":"2018-10-19T21:10:59","modified_gmt":"2018-10-19T21:10:59","slug":"record-en-los-desahucios-por-impago-de-alquiler","status":"publish","type":"post","link":"https:\/\/www.seguros-impagoalquiler.es\/blog\/record-en-los-desahucios-por-impago-de-alquiler\/10\/2018\/","title":{"rendered":"R\u00e9cord en los desahucios por impago de alquiler"},"content":{"rendered":"<p>En el primer semestre de este a\u00f1o han habido 535 casos de desahucios por impago de alquiler, 29 m\u00e1s que los 506 del mismo per\u00edodo del 2017 terminando este con 892 casos.. Se prev\u00e9 que este a\u00f1o terminar\u00e1 con un m\u00ednimo de 945.<\/p>\n<p style=\"text-align: center;\"><a href=\"https:\/\/www.seguros-generales.es\/comparador-seguros-alquiler-viviendas.html\" target=\"_blank\" rel=\"noopener\"><em><strong>Compara los seguros de Alquiler de Viviendas m\u00e1s baratos en tan solo unos minutos<\/strong><\/em><\/a><\/p>\n<p>Los datos de los desahucios por impago fueron recopilados desde enero a julio por el Consejo General del Poder Judicial de Zaragoza. Estos n\u00fameros llevaron a Pablo H\u00edjar concejal de Vivienda del Ayuntamiento a denunciar que se avecina un nuevo y negativo r\u00e9cord.<\/p>\n<p>Estas cifras se deben al aumento del alquiler en la capital asegura el gobierno aragon\u00e9s. Ya que obedece a la apremiante recuperaci\u00f3n econ\u00f3mica, debido a la especulaci\u00f3n en las rentas. Empujando a las familias a quedar sin la capacidad de pagar el disparo de los precios.<\/p>\n<p>Tambi\u00e9n expuso que hay una fuerte posibilidad de que se superen los n\u00fameros con m\u00ednimo 900 desalojos, siendo conservadores. Recriminando las afirmaciones de Jos\u00e9 Luis Soro consejero de Vivienda que dijo que no hab\u00eda tal especulaci\u00f3n.<\/p>\n<p>H\u00edjar argumenta que los desalojos desmienten a cualquiera que pretende afirmar que no existen problemas especulativos en las rentas. Esto incluso incrementa cualquier problema social que enfrenta Arag\u00f3n.<\/p>\n<p>Se aprob\u00f3 en las Cortes que se inste al Gobierno a tomar medidas eficientes sobre los precios.<\/p>\n<p>La lucha que ha venido libr\u00e1ndose desde hace 5 a\u00f1os parece no perder la tendencia. En el 2013 se presentaron 864 casos, y esta cifra s\u00f3lo se hab\u00eda superado el a\u00f1o pasado. En el 2014 fueron 779, para bajar en el 2015 con 762 y volver a subir en el 2016 con 790.<\/p>\n<p>La tendencia iguala al resto de las ciudades espa\u00f1olas que tambi\u00e9n est\u00e1n aumentando sus tarifas. Aunque no todos terminan tocando las puertas gubernamentales, se sospecha que sean muchos adicionales a las cifras oficiales.<\/p>\n<div id=\"ez-toc-container\" class=\"ez-toc-v2_0_82_2 counter-hierarchy ez-toc-counter ez-toc-grey ez-toc-container-direction\">\n<div class=\"ez-toc-title-container\">\n<p class=\"ez-toc-title\" style=\"cursor:inherit\">Table of Contents<\/p>\n<span class=\"ez-toc-title-toggle\"><a href=\"#\" class=\"ez-toc-pull-right ez-toc-btn ez-toc-btn-xs ez-toc-btn-default ez-toc-toggle\" aria-label=\"Alternar tabla de contenidos\"><span class=\"ez-toc-js-icon-con\"><span class=\"\"><span class=\"eztoc-hide\" style=\"display:none;\">Toggle<\/span><span class=\"ez-toc-icon-toggle-span\"><svg style=\"fill: #999;color:#999\" xmlns=\"http:\/\/www.w3.org\/2000\/svg\" class=\"list-377408\" width=\"20px\" height=\"20px\" viewBox=\"0 0 24 24\" fill=\"none\"><path d=\"M6 6H4v2h2V6zm14 0H8v2h12V6zM4 11h2v2H4v-2zm16 0H8v2h12v-2zM4 16h2v2H4v-2zm16 0H8v2h12v-2z\" fill=\"currentColor\"><\/path><\/svg><svg style=\"fill: #999;color:#999\" class=\"arrow-unsorted-368013\" xmlns=\"http:\/\/www.w3.org\/2000\/svg\" width=\"10px\" height=\"10px\" viewBox=\"0 0 24 24\" version=\"1.2\" baseProfile=\"tiny\"><path d=\"M18.2 9.3l-6.2-6.3-6.2 6.3c-.2.2-.3.4-.3.7s.1.5.3.7c.2.2.4.3.7.3h11c.3 0 .5-.1.7-.3.2-.2.3-.5.3-.7s-.1-.5-.3-.7zM5.8 14.7l6.2 6.3 6.2-6.3c.2-.2.3-.5.3-.7s-.1-.5-.3-.7c-.2-.2-.4-.3-.7-.3h-11c-.3 0-.5.1-.7.3-.2.2-.3.5-.3.7s.1.5.3.7z\"\/><\/svg><\/span><\/span><\/span><\/a><\/span><\/div>\n<nav><ul class='ez-toc-list ez-toc-list-level-1 ' ><li class='ez-toc-page-1 ez-toc-heading-level-2'><a class=\"ez-toc-link ez-toc-heading-1\" href=\"https:\/\/www.seguros-impagoalquiler.es\/blog\/record-en-los-desahucios-por-impago-de-alquiler\/10\/2018\/#Los_desahucios_invisibles\" >Los desahucios invisibles<\/a><\/li><li class='ez-toc-page-1 ez-toc-heading-level-2'><a class=\"ez-toc-link ez-toc-heading-2\" href=\"https:\/\/www.seguros-impagoalquiler.es\/blog\/record-en-los-desahucios-por-impago-de-alquiler\/10\/2018\/#Los_desahucios_en_la_oficina_municipal\" >Los desahucios en la oficina municipal<\/a><\/li><\/ul><\/nav><\/div>\n<h2><span class=\"ez-toc-section\" id=\"Los_desahucios_invisibles\"><\/span><span style=\"color: #ff6600;\">Los desahucios invisibles<\/span><span class=\"ez-toc-section-end\"><\/span><\/h2>\n<p>Proliferan los desahucios invisibles, aquellos que no pueden asumir el disparo repentino del alquiler al finalizar el contrato.<\/p>\n<p>A las familias desahuciadas por impago le esperan problemas superiores, ya que hayan inconvenientes para acceder a otro piso.<\/p>\n<p style=\"text-align: center;\"><a href=\"https:\/\/www.seguros-generales.es\/comparador-seguros-alquiler-viviendas.html\" target=\"_blank\" rel=\"noopener\"><em><strong>Compara los seguros de Alquiler de Viviendas m\u00e1s baratos en tan solo unos minutos<\/strong><\/em><\/a><\/p>\n<p>Adem\u00e1s, les imponen requisitos casi insondables como si se tratara de una carrera de obst\u00e1culos. Estos solicitan que las familias tengan ingresos superiores a los mil euros. Si eres de cualquier minor\u00eda migrante o incluso gitana, debes tener una antig\u00fcedad laboral de m\u00e1s de un a\u00f1o<\/p>\n<p>Estas formas no concuerdan con el marco de recuperaci\u00f3n econ\u00f3mica, al contrario, lleva a los inquilinos a la exclusi\u00f3n.<\/p>\n<p>No se puede esconder la realidad tal como se hizo al principio de la burbuja econ\u00f3mica inmobiliaria, ser\u00eda una irresponsabilidad. Solicit\u00f3 a Pedro S\u00e1nchez de Unidos Podemos a cumplir con los acuerdos habitacionales planteados por ellos.<\/p>\n<p>Tambi\u00e9n a la DGA le inst\u00f3 a hacer cumplir la normativa del 2016. Esta permite intervenir en los casos en que se demuestre una maliciosa escalada de precios. El ayuntamiento puede tener la autonom\u00eda de actuar ante cualquier quebrantamiento de esta ley.<\/p>\n<h2><span class=\"ez-toc-section\" id=\"Los_desahucios_en_la_oficina_municipal\"><\/span><span style=\"color: #ff6600;\">Los desahucios en la oficina municipal<\/span><span class=\"ez-toc-section-end\"><\/span><\/h2>\n<p>Ahora mismo se atienden en la Oficina Municipal de Vivienda de Zaragoza unos 174 casos de mediaci\u00f3n. De \u00e9stos, 84 siguen en tramitaciones, pero se espera que el a\u00f1o termine con 230 nuevos expedientes.<\/p>\n<p>Lo que representa el grueso del trabajo en la oficina, avalando las exigencias que se hacen para ponerle fin al problema. Los desalojos indirectos en los que el inquilino pierde la capacidad de seguir arrendando tambi\u00e9n son un problema creciente.<\/p>\n<p>Las alternativas hacia trasladarse a otra vivienda que presenta precios m\u00e1s elevados, los dejan pr\u00e1cticamente en la calle. Los nuevos contratos les exigen rentas m\u00ednimas de mil euros y contrataciones indefinidas, haciendo inalcanzable la posibilidad de tener techo.<\/p>\n<p>En el que se ha disparado un declarado racismo en el mercado inmobiliario. Puedes ser excluido por pertenecer a otra nacionalidad o etnia. Nada de lo que est\u00e1 pasando concuerda con el modelo de recuperaci\u00f3n econ\u00f3mica del pa\u00eds.<\/p>\n<p style=\"text-align: center;\"><strong>Datos curiosos<\/strong><br \/>\n<strong>La ley 10\/2016 promulga la protecci\u00f3n de los aragoneses ante el peligro de la exclusi\u00f3n por desahucios. Donde el gobierno debe emplear los mecanismos necesarios para garantizar una alternativa habitacional para la familia.<\/strong><br \/>\n<strong>H\u00edjar tambi\u00e9n exige a Pedro S\u00e1nchez, el presidente del Gobierno de Espa\u00f1a a cumplir con los acuerdos. Para pasar autom\u00e1ticamente los contratos de alquiler de 3 a 5 a\u00f1os. Y que las administraciones p\u00fablicas puedan ejercer m\u00e1s autoridad en la regulaci\u00f3n de los precios de alquiler.<\/strong><\/p>\n<p style=\"text-align: center;\"><a href=\"https:\/\/www.seguros-generales.es\/comparador-seguros-alquiler-viviendas.html\" target=\"_blank\" rel=\"noopener\"><em><strong>Compara los seguros de Alquiler de Viviendas m\u00e1s baratos en tan solo unos minutos<\/strong><\/em><\/a><\/p>\n","protected":false},"excerpt":{"rendered":"<p>En el primer semestre de este a\u00f1o han habido 535 casos de desahucios por impago de alquiler, 29 m\u00e1s que los 506 del mismo per\u00edodo del 2017 terminando este con 892 casos.. Se prev\u00e9 que este a\u00f1o terminar\u00e1 con un m\u00ednimo de 945. Compara los seguros de Alquiler de Viviendas m\u00e1s baratos en tan solo [&hellip;]<\/p>\n","protected":false},"author":1,"featured_media":273,"comment_status":"open","ping_status":"open","sticky":false,"template":"","format":"standard","meta":{"_et_pb_use_builder":"","_et_pb_old_content":"","_et_gb_content_width":"","footnotes":""},"categories":[41],"tags":[53,54],"class_list":["post-270","post","type-post","status-publish","format-standard","has-post-thumbnail","hentry","category-seguro-de-impago-de-alquiler","tag-desalojar","tag-desalojo-de-vivienda"],"_links":{"self":[{"href":"https:\/\/www.seguros-impagoalquiler.es\/blog\/wp-json\/wp\/v2\/posts\/270","targetHints":{"allow":["GET"]}}],"collection":[{"href":"https:\/\/www.seguros-impagoalquiler.es\/blog\/wp-json\/wp\/v2\/posts"}],"about":[{"href":"https:\/\/www.seguros-impagoalquiler.es\/blog\/wp-json\/wp\/v2\/types\/post"}],"author":[{"embeddable":true,"href":"https:\/\/www.seguros-impagoalquiler.es\/blog\/wp-json\/wp\/v2\/users\/1"}],"replies":[{"embeddable":true,"href":"https:\/\/www.seguros-impagoalquiler.es\/blog\/wp-json\/wp\/v2\/comments?post=270"}],"version-history":[{"count":0,"href":"https:\/\/www.seguros-impagoalquiler.es\/blog\/wp-json\/wp\/v2\/posts\/270\/revisions"}],"wp:featuredmedia":[{"embeddable":true,"href":"https:\/\/www.seguros-impagoalquiler.es\/blog\/wp-json\/wp\/v2\/media\/273"}],"wp:attachment":[{"href":"https:\/\/www.seguros-impagoalquiler.es\/blog\/wp-json\/wp\/v2\/media?parent=270"}],"wp:term":[{"taxonomy":"category","embeddable":true,"href":"https:\/\/www.seguros-impagoalquiler.es\/blog\/wp-json\/wp\/v2\/categories?post=270"},{"taxonomy":"post_tag","embeddable":true,"href":"https:\/\/www.seguros-impagoalquiler.es\/blog\/wp-json\/wp\/v2\/tags?post=270"}],"curies":[{"name":"wp","href":"https:\/\/api.w.org\/{rel}","templated":true}]}}