{"id":247,"date":"2018-10-08T15:52:21","date_gmt":"2018-10-08T15:52:21","guid":{"rendered":"https:\/\/www.seguros-impagoalquiler.es\/blog\/?p=247"},"modified":"2018-10-08T15:52:21","modified_gmt":"2018-10-08T15:52:21","slug":"triste-historia-dos-abuelos-fueron-desalojados-de-su-casa-por-impago-de-alquiler","status":"publish","type":"post","link":"https:\/\/www.seguros-impagoalquiler.es\/blog\/triste-historia-dos-abuelos-fueron-desalojados-de-su-casa-por-impago-de-alquiler\/10\/2018\/","title":{"rendered":"\u00a1Triste historia! Dos abuelos fueron desalojados de su casa por impago de alquiler"},"content":{"rendered":"<p>El 18 de septiembre del 2018 un matrimonio de abuelos fue desalojados de su casa por impago de alquiler. El alquiler de la vivienda que hab\u00edan adquirido desde hac\u00eda tiempo, equival\u00eda un costo de 500 euros, de los cuales el matrimonio de m\u00e1s de 70 a\u00f1os de edad solo ten\u00eda un ingreso de 300 euros mensuales, que son de la pensi\u00f3n no contributiva que le daban a la abuela.<\/p>\n<p style=\"text-align: center;\"><strong><em><a href=\"https:\/\/www.seguros-generales.es\/comparador-seguros-alquiler-viviendas.html\" target=\"_blank\" rel=\"noopener\">Compara los seguros de Alquiler de Viviendas m\u00e1s baratos en tan solo unos minutos<\/a><\/em><\/strong><\/p>\n<p>Por lo tanto, este matrimonio no ten\u00eda suficiente ingreso como para pagar la cuota mensual que estaba impuesta en el contrato, por lo que ten\u00edan unos cuantos meses sin pagarla. Por ello, el Tribunal Superior de Justicia del Principado de Asturias, que est\u00e1 situado en Oviedo, anunci\u00f3 el desalojo para el d\u00eda martes 18.<\/p>\n<div id=\"ez-toc-container\" class=\"ez-toc-v2_0_82_2 counter-hierarchy ez-toc-counter ez-toc-grey ez-toc-container-direction\">\n<div class=\"ez-toc-title-container\">\n<p class=\"ez-toc-title\" style=\"cursor:inherit\">Table of Contents<\/p>\n<span class=\"ez-toc-title-toggle\"><a href=\"#\" class=\"ez-toc-pull-right ez-toc-btn ez-toc-btn-xs ez-toc-btn-default ez-toc-toggle\" aria-label=\"Alternar tabla de contenidos\"><span class=\"ez-toc-js-icon-con\"><span class=\"\"><span class=\"eztoc-hide\" style=\"display:none;\">Toggle<\/span><span class=\"ez-toc-icon-toggle-span\"><svg style=\"fill: #999;color:#999\" xmlns=\"http:\/\/www.w3.org\/2000\/svg\" class=\"list-377408\" width=\"20px\" height=\"20px\" viewBox=\"0 0 24 24\" fill=\"none\"><path d=\"M6 6H4v2h2V6zm14 0H8v2h12V6zM4 11h2v2H4v-2zm16 0H8v2h12v-2zM4 16h2v2H4v-2zm16 0H8v2h12v-2z\" fill=\"currentColor\"><\/path><\/svg><svg style=\"fill: #999;color:#999\" class=\"arrow-unsorted-368013\" xmlns=\"http:\/\/www.w3.org\/2000\/svg\" width=\"10px\" height=\"10px\" viewBox=\"0 0 24 24\" version=\"1.2\" baseProfile=\"tiny\"><path d=\"M18.2 9.3l-6.2-6.3-6.2 6.3c-.2.2-.3.4-.3.7s.1.5.3.7c.2.2.4.3.7.3h11c.3 0 .5-.1.7-.3.2-.2.3-.5.3-.7s-.1-.5-.3-.7zM5.8 14.7l6.2 6.3 6.2-6.3c.2-.2.3-.5.3-.7s-.1-.5-.3-.7c-.2-.2-.4-.3-.7-.3h-11c-.3 0-.5.1-.7.3-.2.2-.3.5-.3.7s.1.5.3.7z\"\/><\/svg><\/span><\/span><\/span><\/a><\/span><\/div>\n<nav><ul class='ez-toc-list ez-toc-list-level-1 ' ><li class='ez-toc-page-1 ez-toc-heading-level-2'><a class=\"ez-toc-link ez-toc-heading-1\" href=\"https:\/\/www.seguros-impagoalquiler.es\/blog\/triste-historia-dos-abuelos-fueron-desalojados-de-su-casa-por-impago-de-alquiler\/10\/2018\/#Plataforma_de_Afectados_por_la_Hipoteca\" >Plataforma de Afectados por la Hipoteca<\/a><\/li><li class='ez-toc-page-1 ez-toc-heading-level-2'><a class=\"ez-toc-link ez-toc-heading-2\" href=\"https:\/\/www.seguros-impagoalquiler.es\/blog\/triste-historia-dos-abuelos-fueron-desalojados-de-su-casa-por-impago-de-alquiler\/10\/2018\/#Presidenta_de_la_PAH_explica_un_poco_sobre_el_desalojo\" >Presidenta de la PAH explica un poco sobre el desalojo<\/a><\/li><li class='ez-toc-page-1 ez-toc-heading-level-2'><a class=\"ez-toc-link ez-toc-heading-3\" href=\"https:\/\/www.seguros-impagoalquiler.es\/blog\/triste-historia-dos-abuelos-fueron-desalojados-de-su-casa-por-impago-de-alquiler\/10\/2018\/#El_tribunal_responde_ante_la_denuncia_de_la_PAH\" >El tribunal responde ante la denuncia de la PAH<\/a><\/li><li class='ez-toc-page-1 ez-toc-heading-level-2'><a class=\"ez-toc-link ez-toc-heading-4\" href=\"https:\/\/www.seguros-impagoalquiler.es\/blog\/triste-historia-dos-abuelos-fueron-desalojados-de-su-casa-por-impago-de-alquiler\/10\/2018\/#Leyes_a_favor_de_este_matrimonio\" >Leyes a favor de este matrimonio<\/a><\/li><li class='ez-toc-page-1 ez-toc-heading-level-2'><a class=\"ez-toc-link ez-toc-heading-5\" href=\"https:\/\/www.seguros-impagoalquiler.es\/blog\/triste-historia-dos-abuelos-fueron-desalojados-de-su-casa-por-impago-de-alquiler\/10\/2018\/#Reciben_ayuda_a_los_abuelos\" >Reciben ayuda a los abuelos<\/a><\/li><\/ul><\/nav><\/div>\n<h2><span class=\"ez-toc-section\" id=\"Plataforma_de_Afectados_por_la_Hipoteca\"><\/span><span style=\"color: #ff6600;\">Plataforma de Afectados por la Hipoteca<\/span><span class=\"ez-toc-section-end\"><\/span><\/h2>\n<p>La Plataforma de Afectados por la Hipoteca de Oviedo, habl\u00f3 sobre el caso de desalojo que se la hab\u00eda hecho al matrimonio, la esposa de 72 a\u00f1os y el de 74\u00a0 Dijo que estos tuvieron que pasar dos noches en el Campo San Francisco, es decir, en un parque.<\/p>\n<p>Adem\u00e1s, la Plataforma de Afectados por la Hipoteca (PAH) dijo que el tribunal no ofreci\u00f3 apoyo ni ayuda ante el estado que se encontraban. Sencillamente los desalojaron y listo, sin importarles a donde ir\u00edan.<\/p>\n<p>Ante eso, la PAH denunci\u00f3 la decisi\u00f3n que tom\u00f3 el juzgado de Oviedo, ya que hab\u00edan pasado por alto el reglamento establecido para casos especiales como el de estos abuelos.<\/p>\n<h2><span class=\"ez-toc-section\" id=\"Presidenta_de_la_PAH_explica_un_poco_sobre_el_desalojo\"><\/span><span style=\"color: #ff6600;\">Presidenta de la PAH explica un poco sobre el desalojo<\/span><span class=\"ez-toc-section-end\"><\/span><\/h2>\n<p>La presidenta de la PAH de Oviedo Pilar Gal\u00e1n dijo que la abogada de la propiedad en la que viv\u00edan los abuelos, les avis\u00f3 al matrimonio tan solo un d\u00eda antes que ten\u00edan que desalojar.<\/p>\n<p>De hecho, la abogada les menciono a los abuelos que ese desalojo se tuvo que haber hecho hace m\u00e1s de un a\u00f1o atr\u00e1s. Esto ocasion\u00f3 que los abuelos se asustar\u00e1n y tuvieran temor, por lo que al d\u00eda siguiente se ducharon, agarraron algunas cosas y se marcharon, dejando las llaves en la puerta.<\/p>\n<h2><span class=\"ez-toc-section\" id=\"El_tribunal_responde_ante_la_denuncia_de_la_PAH\"><\/span><span style=\"color: #ff6600;\">El tribunal responde ante la denuncia de la PAH<\/span><span class=\"ez-toc-section-end\"><\/span><\/h2>\n<p>Ante la denuncia dictada por la PAH el tribunal superior de justicia de Austria (TSJA) afirma que nadie alert\u00f3 u advirti\u00f3 con antelaci\u00f3n el estado indefenso y d\u00e9bil en el que se encontraban estos abuelos.<\/p>\n<p>Adem\u00e1s, dijo que cuando lleg\u00f3 el d\u00eda en que ir\u00edan a desalojar, ya no hab\u00eda nadie en el hogar. Por ello, el TSJA indica que, si hubieran descubierto que el matrimonio estaba indefenso y d\u00e9bil hubieran suspendido el desalojo, tomando en cuenta los reglamentos existentes en casos como este.<\/p>\n<p style=\"text-align: center;\"><strong><em><a href=\"https:\/\/www.seguros-generales.es\/comparador-seguros-alquiler-viviendas.html\" target=\"_blank\" rel=\"noopener\">Compara los seguros de Alquiler de Viviendas m\u00e1s baratos en tan solo unos minutos<\/a><\/em><\/strong><\/p>\n<p>De ah\u00ed que la TSJA asegura que el juicio dado por ellos, tuvo lugar ya que no se ten\u00eda conocimientos sobre los detalles mencionados anteriormente. As\u00ed que afirman que fueron correctos los resultados, ya que tomaron en cuenta cada detalle del contrato realizado con el matrimonio y la aseguradora acerca del desalojo ante los frecuentes impagos.<\/p>\n<h2><span class=\"ez-toc-section\" id=\"Leyes_a_favor_de_este_matrimonio\"><\/span><span style=\"color: #ff6600;\">Leyes a favor de este matrimonio<\/span><span class=\"ez-toc-section-end\"><\/span><\/h2>\n<p>En una reuni\u00f3n realizada en marzo del 2018 por el Consejo General del Poder Judicial, el Gobierno del Principado y la Federaci\u00f3n Asturiana de Concejos llegaron a un acuerdo, donde indica que todos aquellos juzgados que reciben demandas por impago de alquiler tienen que evaluar la condici\u00f3n en la que est\u00e1 la familia.<\/p>\n<p style=\"text-align: center;\"><strong><em><a href=\"https:\/\/www.seguros-generales.es\/comparador-seguros-alquiler-viviendas.html\" target=\"_blank\" rel=\"noopener\">Compara los seguros de Alquiler de Viviendas m\u00e1s baratos en tan solo unos minutos<\/a><\/em><\/strong><\/p>\n<p>Adem\u00e1s, deben analizar si se encuentra o tienen la probabilidad de correr peligros de exclusi\u00f3n social. De ser as\u00ed, se les debe mostrar las ayudas de asistencia social que tienen disponible, la cual tienen como objetivo el respaldo de los derechos sociales. Incluso, muestra que toda persona mayor de 65 a\u00f1os necesita atenci\u00f3n especial.<\/p>\n<h2><span class=\"ez-toc-section\" id=\"Reciben_ayuda_a_los_abuelos\"><\/span><span style=\"color: #ff6600;\">Reciben ayuda a los abuelos<\/span><span class=\"ez-toc-section-end\"><\/span><\/h2>\n<p>Como se mencion\u00f3 anteriormente, este matrimonio de abuelos estuvo por dos d\u00edas en un parque, durmiendo en las bancas del mismo. Ante eso, los voluntarios de la PAH pudieron convencerlos de dejar ese lugar y que se fueron a casa de unos amigos suyos.<\/p>\n<p>Pilar lobo, miembro de la PAH, estuvo en contacto con los abuelos y observ\u00f3 que estos se encontraban en un estado psicol\u00f3gico fatal, se sent\u00edan derrotados y con la depresi\u00f3n al m\u00e1ximo.<\/p>\n<p>Por otro lado, Marisa Ponga, concejala de Igualdad, mencion\u00f3 que ellos le hab\u00edan brindado ayuda, aunque estos no lo solicitaron. Actualmente este matrimonio acude a los Servicios Sociales del Ayuntamiento y se van estabilizando poco a poco emocionalmente.<\/p>\n<p style=\"text-align: center;\"><strong><em><a href=\"https:\/\/www.seguros-generales.es\/comparador-seguros-alquiler-viviendas.html\" target=\"_blank\" rel=\"noopener\">Compara los seguros de Alquiler de Viviendas m\u00e1s baratos en tan solo unos minutos<\/a><\/em><\/strong><\/p>\n","protected":false},"excerpt":{"rendered":"<p>El 18 de septiembre del 2018 un matrimonio de abuelos fue desalojados de su casa por impago de alquiler. El alquiler de la vivienda que hab\u00edan adquirido desde hac\u00eda tiempo, equival\u00eda un costo de 500 euros, de los cuales el matrimonio de m\u00e1s de 70 a\u00f1os de edad solo ten\u00eda un ingreso de 300 euros [&hellip;]<\/p>\n","protected":false},"author":1,"featured_media":251,"comment_status":"open","ping_status":"open","sticky":false,"template":"","format":"standard","meta":{"_et_pb_use_builder":"","_et_pb_old_content":"","_et_gb_content_width":"","footnotes":""},"categories":[41],"tags":[48,49],"class_list":["post-247","post","type-post","status-publish","format-standard","has-post-thumbnail","hentry","category-seguro-de-impago-de-alquiler","tag-desalojados","tag-dos-abuelos-desalojados"],"_links":{"self":[{"href":"https:\/\/www.seguros-impagoalquiler.es\/blog\/wp-json\/wp\/v2\/posts\/247","targetHints":{"allow":["GET"]}}],"collection":[{"href":"https:\/\/www.seguros-impagoalquiler.es\/blog\/wp-json\/wp\/v2\/posts"}],"about":[{"href":"https:\/\/www.seguros-impagoalquiler.es\/blog\/wp-json\/wp\/v2\/types\/post"}],"author":[{"embeddable":true,"href":"https:\/\/www.seguros-impagoalquiler.es\/blog\/wp-json\/wp\/v2\/users\/1"}],"replies":[{"embeddable":true,"href":"https:\/\/www.seguros-impagoalquiler.es\/blog\/wp-json\/wp\/v2\/comments?post=247"}],"version-history":[{"count":0,"href":"https:\/\/www.seguros-impagoalquiler.es\/blog\/wp-json\/wp\/v2\/posts\/247\/revisions"}],"wp:featuredmedia":[{"embeddable":true,"href":"https:\/\/www.seguros-impagoalquiler.es\/blog\/wp-json\/wp\/v2\/media\/251"}],"wp:attachment":[{"href":"https:\/\/www.seguros-impagoalquiler.es\/blog\/wp-json\/wp\/v2\/media?parent=247"}],"wp:term":[{"taxonomy":"category","embeddable":true,"href":"https:\/\/www.seguros-impagoalquiler.es\/blog\/wp-json\/wp\/v2\/categories?post=247"},{"taxonomy":"post_tag","embeddable":true,"href":"https:\/\/www.seguros-impagoalquiler.es\/blog\/wp-json\/wp\/v2\/tags?post=247"}],"curies":[{"name":"wp","href":"https:\/\/api.w.org\/{rel}","templated":true}]}}