{"id":1261,"date":"2025-10-01T03:56:57","date_gmt":"2025-10-01T03:56:57","guid":{"rendered":"https:\/\/www.seguros-impagoalquiler.es\/blog\/?p=1261"},"modified":"2025-10-01T03:56:57","modified_gmt":"2025-10-01T03:56:57","slug":"calendario-laboral-en-madrid","status":"publish","type":"post","link":"https:\/\/www.seguros-impagoalquiler.es\/blog\/calendario-laboral-en-madrid\/10\/2025\/","title":{"rendered":"As\u00ed es el calendario laboral en Madrid 2025 | Fechas in\u00e9ditas"},"content":{"rendered":"<p><span style=\"font-weight: 400;\">Planificar las vacaciones, los puentes y las escapadas es mucho m\u00e1s f\u00e1cil cuando conocemos con antelaci\u00f3n los d\u00edas festivos. El<\/span><b> calendario laboral en Madrid<\/b><span style=\"font-weight: 400;\"> para 2025 trae consigo algunas particularidades que beneficiar\u00e1n a trabajadores y estudiantes, con varias oportunidades de disfrutar de fines de semana largos.<\/span><\/p>\n<p><span style=\"font-weight: 400;\">Este a\u00f1o, adem\u00e1s de las festividades nacionales, la Comunidad de Madrid y los ayuntamientos <\/span><b>han fijado fechas locales que completan el m\u00e1ximo de 14 festivos <\/b><span style=\"font-weight: 400;\">anuales permitido por la normativa.\u00a0<\/span><\/p>\n<p><span style=\"font-weight: 400;\">Por ello, el <\/span><b>calendario laboral en Madrid<\/b><span style=\"font-weight: 400;\"> se convierte en una herramienta imprescindible para organizar tanto el tiempo libre como las obligaciones profesionales.<\/span><\/p>\n<table>\n<tbody>\n<tr>\n<td><b>Descubre: <\/b><a href=\"https:\/\/www.seguros-impagoalquiler.es\/blog\/terremoto-en-granada\/09\/2025\/\"><b>Registrado 1 terremoto en Granada, \u00bfEl seguro cubre estos da\u00f1os?<\/b><\/a><\/td>\n<\/tr>\n<\/tbody>\n<\/table>\n<div id=\"ez-toc-container\" class=\"ez-toc-v2_0_82_2 counter-hierarchy ez-toc-counter ez-toc-grey ez-toc-container-direction\">\n<div class=\"ez-toc-title-container\">\n<p class=\"ez-toc-title\" style=\"cursor:inherit\">Table of Contents<\/p>\n<span class=\"ez-toc-title-toggle\"><a href=\"#\" class=\"ez-toc-pull-right ez-toc-btn ez-toc-btn-xs ez-toc-btn-default ez-toc-toggle\" aria-label=\"Alternar tabla de contenidos\"><span class=\"ez-toc-js-icon-con\"><span class=\"\"><span class=\"eztoc-hide\" style=\"display:none;\">Toggle<\/span><span class=\"ez-toc-icon-toggle-span\"><svg style=\"fill: #999;color:#999\" xmlns=\"http:\/\/www.w3.org\/2000\/svg\" class=\"list-377408\" width=\"20px\" height=\"20px\" viewBox=\"0 0 24 24\" fill=\"none\"><path d=\"M6 6H4v2h2V6zm14 0H8v2h12V6zM4 11h2v2H4v-2zm16 0H8v2h12v-2zM4 16h2v2H4v-2zm16 0H8v2h12v-2z\" fill=\"currentColor\"><\/path><\/svg><svg style=\"fill: #999;color:#999\" class=\"arrow-unsorted-368013\" xmlns=\"http:\/\/www.w3.org\/2000\/svg\" width=\"10px\" height=\"10px\" viewBox=\"0 0 24 24\" version=\"1.2\" baseProfile=\"tiny\"><path d=\"M18.2 9.3l-6.2-6.3-6.2 6.3c-.2.2-.3.4-.3.7s.1.5.3.7c.2.2.4.3.7.3h11c.3 0 .5-.1.7-.3.2-.2.3-.5.3-.7s-.1-.5-.3-.7zM5.8 14.7l6.2 6.3 6.2-6.3c.2-.2.3-.5.3-.7s-.1-.5-.3-.7c-.2-.2-.4-.3-.7-.3h-11c-.3 0-.5.1-.7.3-.2.2-.3.5-.3.7s.1.5.3.7z\"\/><\/svg><\/span><\/span><\/span><\/a><\/span><\/div>\n<nav><ul class='ez-toc-list ez-toc-list-level-1 ' ><li class='ez-toc-page-1 ez-toc-heading-level-2'><a class=\"ez-toc-link ez-toc-heading-1\" href=\"https:\/\/www.seguros-impagoalquiler.es\/blog\/calendario-laboral-en-madrid\/10\/2025\/#%C2%BFComo_quedo_el_calendario_laboral_en_Madrid\" >\u00bfC\u00f3mo qued\u00f3 el calendario laboral en Madrid?<\/a><\/li><li class='ez-toc-page-1 ez-toc-heading-level-2'><a class=\"ez-toc-link ez-toc-heading-2\" href=\"https:\/\/www.seguros-impagoalquiler.es\/blog\/calendario-laboral-en-madrid\/10\/2025\/#Puentes_y_fines_de_semana_largos_en_2025\" >Puentes y fines de semana largos en 2025<\/a><ul class='ez-toc-list-level-3' ><li class='ez-toc-heading-level-3'><a class=\"ez-toc-link ez-toc-heading-3\" href=\"https:\/\/www.seguros-impagoalquiler.es\/blog\/calendario-laboral-en-madrid\/10\/2025\/#Importancia_de_los_festivos_locales\" >Importancia de los festivos locales<\/a><\/li><\/ul><\/li><li class='ez-toc-page-1 ez-toc-heading-level-2'><a class=\"ez-toc-link ez-toc-heading-4\" href=\"https:\/\/www.seguros-impagoalquiler.es\/blog\/calendario-laboral-en-madrid\/10\/2025\/#%C2%BFEl_seguro_de_alquiler_de_viviendas_cubre_robos\" >\u00bfEl seguro de alquiler de viviendas cubre robos?<\/a><\/li><li class='ez-toc-page-1 ez-toc-heading-level-2'><a class=\"ez-toc-link ez-toc-heading-5\" href=\"https:\/\/www.seguros-impagoalquiler.es\/blog\/calendario-laboral-en-madrid\/10\/2025\/#Mejores_seguros_de_alquiler_de_viviendas_con_cobertura_de_robo\" >Mejores seguros de alquiler de viviendas con cobertura de robo<\/a><\/li><\/ul><\/nav><\/div>\n<h2><span class=\"ez-toc-section\" id=\"%C2%BFComo_quedo_el_calendario_laboral_en_Madrid\"><\/span><span style=\"color: #ff6600;\"><b>\u00bfC\u00f3mo qued\u00f3 el calendario laboral en Madrid?<\/b><\/span><span class=\"ez-toc-section-end\"><\/span><\/h2>\n<p><span style=\"font-weight: 400;\">El calendario laboral en Madrid 2025 incluye las festividades nacionales tradicionales: <\/span><b>A\u00f1o Nuevo (1 de enero), la Epifan\u00eda (6 de enero), el D\u00eda del Trabajador (1 de mayo),<\/b><span style=\"font-weight: 400;\"> la Fiesta Nacional de Espa\u00f1a (12 de octubre) y la Navidad (25 de diciembre).\u00a0<\/span><\/p>\n<p><span style=\"font-weight: 400;\">A estas se suman jornadas clave como Jueves y Viernes Santo (17 y 18 de abril en 2025) y la <\/span><b>Asunci\u00f3n de la Virgen (15 de agosto).<\/b><\/p>\n<p><a href=\"https:\/\/www.seguros-generales.es\/seguros-alquiler-viviendas.html\" target=\"_blank\" rel=\"noopener\"><img loading=\"lazy\" decoding=\"async\" class=\"aligncenter wp-image-1145 size-full\" title=\"Comparador de seguros de alquiler de viviendas\" src=\"https:\/\/www.seguros-impagoalquiler.es\/blog\/wp-content\/uploads\/2024\/08\/HOGAR.png\" alt=\"Comparador de seguros de alquiler de viviendas\" width=\"600\" height=\"200\" srcset=\"https:\/\/www.seguros-impagoalquiler.es\/blog\/wp-content\/uploads\/2024\/08\/HOGAR.png 600w, https:\/\/www.seguros-impagoalquiler.es\/blog\/wp-content\/uploads\/2024\/08\/HOGAR-480x160.png 480w\" sizes=\"(min-width: 0px) and (max-width: 480px) 480px, (min-width: 481px) 600px, 100vw\" \/><\/a><\/p>\n<p><span style=\"font-weight: 400;\">Tambi\u00e9n aparecen las celebraciones locales: el 2 de mayo, D\u00eda de la Comunidad de Madrid, y las <\/span><b>fiestas patronales de San Isidro (15 de mayo) <\/b><span style=\"font-weight: 400;\">y la Virgen de la Almudena (9 de noviembre), ambas muy esperadas por los madrile\u00f1os. Estas fechas garantizan puentes estrat\u00e9gicos tanto en primavera como en oto\u00f1o.<\/span><\/p>\n<table>\n<tbody>\n<tr>\n<td><b>Descubre: <\/b><a href=\"https:\/\/www.seguros-impagoalquiler.es\/blog\/incendio-en-torrelodones\/08\/2025\/\"><b>1 Incendio en Torrelodones ocasiona el desalojo de viviendas<\/b><\/a><\/td>\n<\/tr>\n<\/tbody>\n<\/table>\n<h2><span class=\"ez-toc-section\" id=\"Puentes_y_fines_de_semana_largos_en_2025\"><\/span><span style=\"color: #ff6600;\"><b>Puentes y fines de semana largos en 2025<\/b><\/span><span class=\"ez-toc-section-end\"><\/span><\/h2>\n<p><span style=\"font-weight: 400;\">Uno de los aspectos m\u00e1s destacados es que varios festivos caen en viernes o lunes, lo que genera puentes ideales para viajar o descansar. Por ejemplo:<\/span><\/p>\n<ul>\n<li style=\"font-weight: 400;\" aria-level=\"1\"><span style=\"font-weight: 400;\">El 1 de mayo, D\u00eda del Trabajador, ser\u00e1 viernes, perfecto para un fin de semana prolongado.<\/span><\/li>\n<li style=\"font-weight: 400;\" aria-level=\"1\"><span style=\"font-weight: 400;\">El 12 de octubre, Fiesta Nacional, caer\u00e1 en domingo, pero se trasladar\u00e1 al lunes 13, creando una oportunidad para desconectar en pleno oto\u00f1o.<\/span><\/li>\n<li style=\"font-weight: 400;\" aria-level=\"1\"><span style=\"font-weight: 400;\">En diciembre, la combinaci\u00f3n de la Constituci\u00f3n (7 de diciembre) y la Inmaculada (8 de diciembre) permitir\u00e1 un puente de cuatro d\u00edas justo antes de las fiestas navide\u00f1as.<\/span><\/li>\n<\/ul>\n<p><span style=\"font-weight: 400;\">Gracias a esta distribuci\u00f3n, el calendario laboral en Madrid 2025 se convierte en un aliado para organizar escapadas dentro o fuera de la regi\u00f3n.<\/span><\/p>\n<table style=\"width: 99.8607%; height: 40px;\">\n<tbody>\n<tr>\n<td>\n<p style=\"text-align: center;\"><b>Usa el <\/b><a title=\"comparador de seguros de alquiler de viviendas\" href=\"https:\/\/www.seguros-generales.es\/seguros-alquiler-viviendas.html\" target=\"_blank\" rel=\"noopener\"><b>comparador de seguros de alquiler de viviendas<\/b><\/a><b>\u00a0 y consigue la p\u00f3liza m\u00e1s competitiva en el mercado.<\/b><\/p>\n<\/td>\n<\/tr>\n<\/tbody>\n<\/table>\n<h3><span class=\"ez-toc-section\" id=\"Importancia_de_los_festivos_locales\"><\/span><span style=\"color: #ff6600;\"><b>Importancia de los festivos locales<\/b><\/span><span class=\"ez-toc-section-end\"><\/span><\/h3>\n<p><span style=\"font-weight: 400;\">San Isidro y la Virgen de la Almudena no solo representan tradiciones religiosas, sino tambi\u00e9n jornadas de convivencia y celebraci\u00f3n en la capital.\u00a0<\/span><\/p>\n<p><b>El 15 de mayo y el 9 de noviembre estar\u00e1n marcados como d\u00edas no laborables<\/b><span style=\"font-weight: 400;\"> en la ciudad de Madrid, y se sumar\u00e1n a los festivos regionales y nacionales.<\/span><\/p>\n<p><span style=\"font-weight: 400;\">Estos d\u00edas permiten <\/span><b>disfrutar de actividades culturales,<\/b><span style=\"font-weight: 400;\"> conciertos, ferias y momentos de ocio en la propia ciudad, lo que refuerza su valor tanto para residentes como para turistas.<\/span><\/p>\n<h2><span class=\"ez-toc-section\" id=\"%C2%BFEl_seguro_de_alquiler_de_viviendas_cubre_robos\"><\/span><span style=\"color: #ff6600;\"><b>\u00bfEl seguro de alquiler de viviendas cubre robos?<\/b><\/span><span class=\"ez-toc-section-end\"><\/span><\/h2>\n<p><span style=\"font-weight: 400;\">Al hablar de organizaci\u00f3n del a\u00f1o, no solo pensamos en vacaciones: tambi\u00e9n cobra relevancia la seguridad en el hogar. Muchos inquilinos se preguntan si el seguro de alquiler de viviendas cubre robos.<\/span><\/p>\n<p><span style=\"font-weight: 400;\">En la mayor\u00eda de casos, los<\/span><b> seguros de alquiler s\u00ed incluyen protecci\u00f3n frente a robo <\/b><span style=\"font-weight: 400;\">o hurto, tanto de pertenencias del arrendatario como de da\u00f1os ocasionados en la vivienda.\u00a0<\/span><\/p>\n<p><span style=\"font-weight: 400;\">Sin embargo, <\/span><b>las condiciones var\u00edan seg\u00fan la aseguradora<\/b><span style=\"font-weight: 400;\">: algunas cubren objetos de valor limitado, otras exigen medidas de seguridad como cerraduras especiales o alarmas.<\/span><\/p>\n<h2><span class=\"ez-toc-section\" id=\"Mejores_seguros_de_alquiler_de_viviendas_con_cobertura_de_robo\"><\/span><span style=\"color: #ff6600;\"><b>Mejores seguros de alquiler de viviendas con cobertura de robo<\/b><\/span><span class=\"ez-toc-section-end\"><\/span><\/h2>\n<p><span style=\"font-weight: 400;\">Aqu\u00ed tienes una tabla comparativa de seguros que destacan por su protecci\u00f3n contra robos en viviendas de alquiler:<\/span><\/p>\n<table style=\"width: 101.188%; height: 264px;\">\n<tbody>\n<tr>\n<td style=\"text-align: center;\"><b>Seguro<\/b><\/td>\n<td style=\"text-align: center;\"><b>Aseguradora<\/b><\/td>\n<td style=\"text-align: center;\"><b>Coberturas destacadas<\/b><\/td>\n<td style=\"text-align: center;\"><b>Precio estimado<\/b><\/td>\n<\/tr>\n<tr>\n<td style=\"text-align: center;\"><span style=\"font-weight: 400;\">Hogar Alquiler Plus<\/span><\/td>\n<td style=\"text-align: center;\"><span style=\"font-weight: 400;\">Mapfre<\/span><\/td>\n<td style=\"text-align: center;\"><span style=\"font-weight: 400;\">Robo con violencia, da\u00f1os por intento de robo<\/span><\/td>\n<td style=\"text-align: center;\"><span style=\"font-weight: 400;\">Desde 180 \u20ac\/a\u00f1o<\/span><\/td>\n<\/tr>\n<tr>\n<td style=\"text-align: center;\"><span style=\"font-weight: 400;\">Vivienda Protegida<\/span><\/td>\n<td style=\"text-align: center;\"><span style=\"font-weight: 400;\">Allianz<\/span><\/td>\n<td style=\"text-align: center;\"><span style=\"font-weight: 400;\">Robo de objetos personales, asistencia 24h<\/span><\/td>\n<td style=\"text-align: center;\"><span style=\"font-weight: 400;\">Desde 190 \u20ac\/a\u00f1o<\/span><\/td>\n<\/tr>\n<tr>\n<td style=\"text-align: center;\"><span style=\"font-weight: 400;\">Hogar Esencial Inquilinos<\/span><\/td>\n<td style=\"text-align: center;\"><span style=\"font-weight: 400;\">AXA<\/span><\/td>\n<td style=\"text-align: center;\"><span style=\"font-weight: 400;\">Robo, da\u00f1os por vandalismo y responsabilidad civil<\/span><\/td>\n<td style=\"text-align: center;\"><span style=\"font-weight: 400;\">Desde 170 \u20ac\/a\u00f1o<\/span><\/td>\n<\/tr>\n<tr>\n<td style=\"text-align: center;\"><span style=\"font-weight: 400;\">Tranquilidad en Alquiler<\/span><\/td>\n<td style=\"text-align: center;\"><span style=\"font-weight: 400;\">L\u00ednea Directa<\/span><\/td>\n<td style=\"text-align: center;\"><span style=\"font-weight: 400;\">Cobertura frente a robo, hurto y da\u00f1os a cerraduras<\/span><\/td>\n<td style=\"text-align: center;\"><span style=\"font-weight: 400;\">Desde 160 \u20ac\/a\u00f1o<\/span><\/td>\n<\/tr>\n<\/tbody>\n<\/table>\n<p>&nbsp;<\/p>\n","protected":false},"excerpt":{"rendered":"<p>Planificar las vacaciones, los puentes y las escapadas es mucho m\u00e1s f\u00e1cil cuando conocemos con antelaci\u00f3n los d\u00edas festivos. El calendario laboral en Madrid para 2025 trae consigo algunas particularidades que beneficiar\u00e1n a trabajadores y estudiantes, con varias oportunidades de disfrutar de fines de semana largos. Este a\u00f1o, adem\u00e1s de las festividades nacionales, la Comunidad [&hellip;]<\/p>\n","protected":false},"author":3,"featured_media":1262,"comment_status":"open","ping_status":"open","sticky":false,"template":"","format":"standard","meta":{"_et_pb_use_builder":"","_et_pb_old_content":"","_et_gb_content_width":"","footnotes":""},"categories":[4],"tags":[893,894,895,896],"class_list":["post-1261","post","type-post","status-publish","format-standard","has-post-thumbnail","hentry","category-noticia","tag-calendario-laboral-en-madrid","tag-calendario-laboral-en-madrid-2025","tag-calendario-laboral-en-madrid-2026","tag-calendario-laboral-madrid"],"_links":{"self":[{"href":"https:\/\/www.seguros-impagoalquiler.es\/blog\/wp-json\/wp\/v2\/posts\/1261","targetHints":{"allow":["GET"]}}],"collection":[{"href":"https:\/\/www.seguros-impagoalquiler.es\/blog\/wp-json\/wp\/v2\/posts"}],"about":[{"href":"https:\/\/www.seguros-impagoalquiler.es\/blog\/wp-json\/wp\/v2\/types\/post"}],"author":[{"embeddable":true,"href":"https:\/\/www.seguros-impagoalquiler.es\/blog\/wp-json\/wp\/v2\/users\/3"}],"replies":[{"embeddable":true,"href":"https:\/\/www.seguros-impagoalquiler.es\/blog\/wp-json\/wp\/v2\/comments?post=1261"}],"version-history":[{"count":1,"href":"https:\/\/www.seguros-impagoalquiler.es\/blog\/wp-json\/wp\/v2\/posts\/1261\/revisions"}],"predecessor-version":[{"id":1263,"href":"https:\/\/www.seguros-impagoalquiler.es\/blog\/wp-json\/wp\/v2\/posts\/1261\/revisions\/1263"}],"wp:featuredmedia":[{"embeddable":true,"href":"https:\/\/www.seguros-impagoalquiler.es\/blog\/wp-json\/wp\/v2\/media\/1262"}],"wp:attachment":[{"href":"https:\/\/www.seguros-impagoalquiler.es\/blog\/wp-json\/wp\/v2\/media?parent=1261"}],"wp:term":[{"taxonomy":"category","embeddable":true,"href":"https:\/\/www.seguros-impagoalquiler.es\/blog\/wp-json\/wp\/v2\/categories?post=1261"},{"taxonomy":"post_tag","embeddable":true,"href":"https:\/\/www.seguros-impagoalquiler.es\/blog\/wp-json\/wp\/v2\/tags?post=1261"}],"curies":[{"name":"wp","href":"https:\/\/api.w.org\/{rel}","templated":true}]}}