{"id":1244,"date":"2025-07-30T04:57:22","date_gmt":"2025-07-30T04:57:22","guid":{"rendered":"https:\/\/www.seguros-impagoalquiler.es\/blog\/?p=1244"},"modified":"2025-07-30T04:57:22","modified_gmt":"2025-07-30T04:57:22","slug":"tiempo-en-espana","status":"publish","type":"post","link":"https:\/\/www.seguros-impagoalquiler.es\/blog\/tiempo-en-espana\/07\/2025\/","title":{"rendered":"Tiempo en Espa\u00f1a: Alerta Roja en estas zonas"},"content":{"rendered":"<p><b>El tiempo en Espa\u00f1a est\u00e1 viviendo jornadas intensas<\/b><span style=\"font-weight: 400;\"> marcadas por lluvias torrenciales, tormentas el\u00e9ctricas y temperaturas extremas. Mientras algunas zonas mantienen cielos despejados, otras se enfrentan a episodios de inestabilidad que han llevado a la Agencia Estatal de Meteorolog\u00eda (AEMET) a emitir alertas de diferentes niveles, incluyendo la alerta roja, el m\u00e1ximo aviso de riesgo.<\/span><\/p>\n<p><span style=\"font-weight: 400;\">Esta situaci\u00f3n meteorol\u00f3gica ha puesto en alerta a varias comunidades, especialmente en la vertiente mediterr\u00e1nea, donde las lluvias intensas han generado acumulaciones r\u00e9cord en pocas horas.\u00a0<\/span><\/p>\n<p><a href=\"https:\/\/www.seguros-generales.es\/seguros-alquiler-viviendas.html\" target=\"_blank\" rel=\"noopener\"><img loading=\"lazy\" decoding=\"async\" class=\"aligncenter wp-image-1145 size-full\" title=\"Comparador de seguros de alquiler de viviendas\" src=\"https:\/\/www.seguros-impagoalquiler.es\/blog\/wp-content\/uploads\/2024\/08\/HOGAR.png\" alt=\"Comparador de seguros de alquiler de viviendas\" width=\"600\" height=\"200\" srcset=\"https:\/\/www.seguros-impagoalquiler.es\/blog\/wp-content\/uploads\/2024\/08\/HOGAR.png 600w, https:\/\/www.seguros-impagoalquiler.es\/blog\/wp-content\/uploads\/2024\/08\/HOGAR-480x160.png 480w\" sizes=\"(min-width: 0px) and (max-width: 480px) 480px, (min-width: 481px) 600px, 100vw\" \/><\/a><\/p>\n<p><b>Las autoridades recomiendan precauci\u00f3n<\/b><span style=\"font-weight: 400;\"> y seguir de cerca los boletines meteorol\u00f3gicos. En este art\u00edculo repasamos las zonas afectadas, qu\u00e9 significa cada tipo de alerta y c\u00f3mo se espera que evolucione el tiempo en Espa\u00f1a en los pr\u00f3ximos d\u00edas.<\/span><\/p>\n<table>\n<tbody>\n<tr>\n<td><b>Descubre: <\/b><a href=\"https:\/\/www.seguros-impagoalquiler.es\/blog\/pisos-en-venta-malaga\/07\/2025\/\"><b>Pisos en venta descienden un 20% en el segundo trimestre<\/b><\/a><\/td>\n<\/tr>\n<\/tbody>\n<\/table>\n<div id=\"ez-toc-container\" class=\"ez-toc-v2_0_82_2 counter-hierarchy ez-toc-counter ez-toc-grey ez-toc-container-direction\">\n<div class=\"ez-toc-title-container\">\n<p class=\"ez-toc-title\" style=\"cursor:inherit\">Table of Contents<\/p>\n<span class=\"ez-toc-title-toggle\"><a href=\"#\" class=\"ez-toc-pull-right ez-toc-btn ez-toc-btn-xs ez-toc-btn-default ez-toc-toggle\" aria-label=\"Alternar tabla de contenidos\"><span class=\"ez-toc-js-icon-con\"><span class=\"\"><span class=\"eztoc-hide\" style=\"display:none;\">Toggle<\/span><span class=\"ez-toc-icon-toggle-span\"><svg style=\"fill: #999;color:#999\" xmlns=\"http:\/\/www.w3.org\/2000\/svg\" class=\"list-377408\" width=\"20px\" height=\"20px\" viewBox=\"0 0 24 24\" fill=\"none\"><path d=\"M6 6H4v2h2V6zm14 0H8v2h12V6zM4 11h2v2H4v-2zm16 0H8v2h12v-2zM4 16h2v2H4v-2zm16 0H8v2h12v-2z\" fill=\"currentColor\"><\/path><\/svg><svg style=\"fill: #999;color:#999\" class=\"arrow-unsorted-368013\" xmlns=\"http:\/\/www.w3.org\/2000\/svg\" width=\"10px\" height=\"10px\" viewBox=\"0 0 24 24\" version=\"1.2\" baseProfile=\"tiny\"><path d=\"M18.2 9.3l-6.2-6.3-6.2 6.3c-.2.2-.3.4-.3.7s.1.5.3.7c.2.2.4.3.7.3h11c.3 0 .5-.1.7-.3.2-.2.3-.5.3-.7s-.1-.5-.3-.7zM5.8 14.7l6.2 6.3 6.2-6.3c.2-.2.3-.5.3-.7s-.1-.5-.3-.7c-.2-.2-.4-.3-.7-.3h-11c-.3 0-.5.1-.7.3-.2.2-.3.5-.3.7s.1.5.3.7z\"\/><\/svg><\/span><\/span><\/span><\/a><\/span><\/div>\n<nav><ul class='ez-toc-list ez-toc-list-level-1 ' ><li class='ez-toc-page-1 ez-toc-heading-level-2'><a class=\"ez-toc-link ez-toc-heading-1\" href=\"https:\/\/www.seguros-impagoalquiler.es\/blog\/tiempo-en-espana\/07\/2025\/#%C2%BFComo_sera_el_tiempo_en_Espana\" >\u00bfC\u00f3mo ser\u00e1 el tiempo en Espa\u00f1a?<\/a><ul class='ez-toc-list-level-3' ><li class='ez-toc-heading-level-3'><a class=\"ez-toc-link ez-toc-heading-2\" href=\"https:\/\/www.seguros-impagoalquiler.es\/blog\/tiempo-en-espana\/07\/2025\/#Cataluna_epicentro_de_la_alerta_roja\" >Catalu\u00f1a: epicentro de la alerta roja<\/a><\/li><\/ul><\/li><li class='ez-toc-page-1 ez-toc-heading-level-2'><a class=\"ez-toc-link ez-toc-heading-3\" href=\"https:\/\/www.seguros-impagoalquiler.es\/blog\/tiempo-en-espana\/07\/2025\/#Comunidad_Valenciana_y_Region_de_Murcia_tormentas_con_granizo\" >Comunidad Valenciana y Regi\u00f3n de Murcia: tormentas con granizo<\/a><ul class='ez-toc-list-level-3' ><li class='ez-toc-heading-level-3'><a class=\"ez-toc-link ez-toc-heading-4\" href=\"https:\/\/www.seguros-impagoalquiler.es\/blog\/tiempo-en-espana\/07\/2025\/#Zonas_con_temperaturas_extremas\" >Zonas con temperaturas extremas<\/a><\/li><\/ul><\/li><li class='ez-toc-page-1 ez-toc-heading-level-2'><a class=\"ez-toc-link ez-toc-heading-5\" href=\"https:\/\/www.seguros-impagoalquiler.es\/blog\/tiempo-en-espana\/07\/2025\/#%C2%BFQue_significa_una_alerta_roja_por_lluvias\" >\u00bfQu\u00e9 significa una alerta roja por lluvias?<\/a><\/li><\/ul><\/nav><\/div>\n<h2><span class=\"ez-toc-section\" id=\"%C2%BFComo_sera_el_tiempo_en_Espana\"><\/span><span style=\"color: #ff6600;\"><b>\u00bfC\u00f3mo ser\u00e1 el tiempo en Espa\u00f1a?<\/b><\/span><span class=\"ez-toc-section-end\"><\/span><\/h2>\n<p><span style=\"font-weight: 400;\">Durante este mi\u00e9rcoles, el tiempo en Espa\u00f1a se presenta con una marcada dualidad. Mientras que en el centro y oeste del pa\u00eds predomina la estabilidad atmosf\u00e9rica, en el este peninsular las lluvias intensas est\u00e1n causando serios problemas.\u00a0<\/span><\/p>\n<p><span style=\"font-weight: 400;\">Las provincias de Barcelona, Girona y Tarragona est\u00e1n bajo vigilancia por <\/span><b>acumulaciones que pueden superar los 60 litros por metro <\/b><span style=\"font-weight: 400;\">cuadrado en tan solo una hora. Adem\u00e1s, se prev\u00e9n tormentas el\u00e9ctricas, granizo y fuertes rachas de viento, especialmente en Catalu\u00f1a y la Comunidad Valenciana.\u00a0<\/span><\/p>\n<p><span style=\"font-weight: 400;\">Baleares tambi\u00e9n est\u00e1 experimentando chubascos matinales, con especial incidencia en Ibiza y Formentera. A pesar de esto, muchas otras <\/span><b>zonas como Castilla y Le\u00f3n, La Rioja y Andaluc\u00eda <\/b><span style=\"font-weight: 400;\">presentan un panorama seco y caluroso, con temperaturas que superan los 35 \u00b0C en el sur del pa\u00eds.<\/span><\/p>\n<table style=\"width: 98.2019%; height: 50px;\">\n<tbody>\n<tr>\n<td>\n<p style=\"text-align: center;\"><b>Usa el nuevo <\/b><a title=\"comparador de seguros de alquiler de viviendas\" href=\"https:\/\/www.seguros-generales.es\/seguros-alquiler-viviendas.html\" target=\"_blank\" rel=\"noopener\"><b>comparador de seguros de alquiler de viviendas<\/b><\/a><b> y elige la p\u00f3liza m\u00e1s completa al mejor precio.<\/b><\/p>\n<\/td>\n<\/tr>\n<\/tbody>\n<\/table>\n<h3><span class=\"ez-toc-section\" id=\"Cataluna_epicentro_de_la_alerta_roja\"><\/span><span style=\"color: #ff6600;\"><b>Catalu\u00f1a: epicentro de la alerta roja<\/b><\/span><span class=\"ez-toc-section-end\"><\/span><\/h3>\n<p><span style=\"font-weight: 400;\">La comunidad catalana se encuentra en el foco de la alerta meteorol\u00f3gica. En la provincia de Barcelona, se han activado avisos de nivel rojo debido a la posibilidad de acumulaciones de hasta 120 litros por metro cuadrado en pocas horas.\u00a0<\/span><\/p>\n<p><span style=\"font-weight: 400;\">Esta situaci\u00f3n puede provocar inundaciones repentinas y problemas en el tr\u00e1nsito urbano y carreteras. <\/span><b>Mientras tanto, Girona y Tarragona est\u00e1n en nivel naranja<\/b><span style=\"font-weight: 400;\">, lo que representa un riesgo importante, aunque no extremo.\u00a0<\/span><\/p>\n<p><span style=\"font-weight: 400;\">Por su parte, Lleida mantiene una alerta amarilla por lluvias moderadas y granizo puntual. La combinaci\u00f3n de lluvia intensa y tormentas hace que se trate de un episodio potencialmente peligroso.<\/span><\/p>\n<table>\n<tbody>\n<tr>\n<td><b>Descubre: <\/b><a href=\"https:\/\/www.seguros-impagoalquiler.es\/blog\/alquiler-en-madrid\/06\/2025\/\"><b>11 Tips para buscar alquiler en Madrid y no fallar en el intento<\/b><\/a><\/td>\n<\/tr>\n<\/tbody>\n<\/table>\n<h2><span class=\"ez-toc-section\" id=\"Comunidad_Valenciana_y_Region_de_Murcia_tormentas_con_granizo\"><\/span><span style=\"color: #ff6600;\"><b>Comunidad Valenciana y Regi\u00f3n de Murcia: tormentas con granizo<\/b><\/span><span class=\"ez-toc-section-end\"><\/span><\/h2>\n<p><span style=\"font-weight: 400;\">En la Comunidad Valenciana, Castell\u00f3n es la provincia m\u00e1s afectada, con alerta naranja por fuertes precipitaciones y posibilidad de granizo de gran tama\u00f1o. <\/span><b>Se prev\u00e9n hasta 80 litros acumulados en 12 horas.\u00a0<\/b><\/p>\n<p><span style=\"font-weight: 400;\">En Murcia tambi\u00e9n se mantiene una alerta por fen\u00f3menos similares, con particular preocupaci\u00f3n por la formaci\u00f3n de embolsamientos de agua en zonas urbanas mal drenadas.<\/span><\/p>\n<p><span style=\"font-weight: 400;\">Los expertos advierten que la combinaci\u00f3n de suelo seco y lluvias intensas aumenta el riesgo de desbordamientos y riadas. Las autoridades locales piden evitar desplazamientos innecesarios y extremar precauciones en zonas rurales o cerca de cauces de r\u00edos.<\/span><\/p>\n<h3><span class=\"ez-toc-section\" id=\"Zonas_con_temperaturas_extremas\"><\/span><span style=\"color: #ff6600;\"><b>Zonas con temperaturas extremas<\/b><\/span><span class=\"ez-toc-section-end\"><\/span><\/h3>\n<p><span style=\"font-weight: 400;\">Aunque el foco est\u00e1 en las lluvias, otras regiones se enfrentan a otro problema: el calor. En Andaluc\u00eda, Extremadura y Castilla-La Mancha, las temperaturas est\u00e1n <\/span><b>alcanzando picos cercanos a los 40 grados.<\/b><span style=\"font-weight: 400;\"> Badajoz, C\u00f3rdoba y Toledo son algunas de las ciudades con avisos por altas temperaturas.<\/span><\/p>\n<p><span style=\"font-weight: 400;\">En estas \u00e1reas, el riesgo est\u00e1 relacionado con golpes de calor, especialmente en poblaci\u00f3n vulnerable. <\/span><b>Se recomienda hidratarse con frecuencia<\/b><span style=\"font-weight: 400;\">, evitar la exposici\u00f3n directa al sol y limitar las actividades f\u00edsicas durante las horas de mayor temperatura.<\/span><\/p>\n<h2><span class=\"ez-toc-section\" id=\"%C2%BFQue_significa_una_alerta_roja_por_lluvias\"><\/span><span style=\"color: #ff6600;\"><b>\u00bfQu\u00e9 significa una alerta roja por lluvias?<\/b><\/span><span class=\"ez-toc-section-end\"><\/span><\/h2>\n<p><span style=\"font-weight: 400;\">Una alerta roja se emite cuando se esperan fen\u00f3menos meteorol\u00f3gicos de riesgo extremo. En el caso de lluvias, se trata de acumulaciones excepcionales que pueden provocar da\u00f1os <\/span><b>importantes en viviendas, infraestructuras, e incluso riesgos para la vida.<\/b><\/p>\n<p><span style=\"font-weight: 400;\">Durante una alerta de este nivel, es fundamental seguir las indicaciones de Protecci\u00f3n Civil, mantenerse informado a trav\u00e9s de canales oficiales y evitar cualquier actividad al aire libre. El tiempo en Espa\u00f1a puede cambiar con rapidez, por lo que conviene actuar con responsabilidad.<\/span><\/p>\n","protected":false},"excerpt":{"rendered":"<p>El tiempo en Espa\u00f1a est\u00e1 viviendo jornadas intensas marcadas por lluvias torrenciales, tormentas el\u00e9ctricas y temperaturas extremas. Mientras algunas zonas mantienen cielos despejados, otras se enfrentan a episodios de inestabilidad que han llevado a la Agencia Estatal de Meteorolog\u00eda (AEMET) a emitir alertas de diferentes niveles, incluyendo la alerta roja, el m\u00e1ximo aviso de riesgo. [&hellip;]<\/p>\n","protected":false},"author":3,"featured_media":1245,"comment_status":"open","ping_status":"open","sticky":false,"template":"","format":"standard","meta":{"_et_pb_use_builder":"","_et_pb_old_content":"","_et_gb_content_width":"","footnotes":""},"categories":[4],"tags":[],"class_list":["post-1244","post","type-post","status-publish","format-standard","has-post-thumbnail","hentry","category-noticia"],"_links":{"self":[{"href":"https:\/\/www.seguros-impagoalquiler.es\/blog\/wp-json\/wp\/v2\/posts\/1244","targetHints":{"allow":["GET"]}}],"collection":[{"href":"https:\/\/www.seguros-impagoalquiler.es\/blog\/wp-json\/wp\/v2\/posts"}],"about":[{"href":"https:\/\/www.seguros-impagoalquiler.es\/blog\/wp-json\/wp\/v2\/types\/post"}],"author":[{"embeddable":true,"href":"https:\/\/www.seguros-impagoalquiler.es\/blog\/wp-json\/wp\/v2\/users\/3"}],"replies":[{"embeddable":true,"href":"https:\/\/www.seguros-impagoalquiler.es\/blog\/wp-json\/wp\/v2\/comments?post=1244"}],"version-history":[{"count":1,"href":"https:\/\/www.seguros-impagoalquiler.es\/blog\/wp-json\/wp\/v2\/posts\/1244\/revisions"}],"predecessor-version":[{"id":1246,"href":"https:\/\/www.seguros-impagoalquiler.es\/blog\/wp-json\/wp\/v2\/posts\/1244\/revisions\/1246"}],"wp:featuredmedia":[{"embeddable":true,"href":"https:\/\/www.seguros-impagoalquiler.es\/blog\/wp-json\/wp\/v2\/media\/1245"}],"wp:attachment":[{"href":"https:\/\/www.seguros-impagoalquiler.es\/blog\/wp-json\/wp\/v2\/media?parent=1244"}],"wp:term":[{"taxonomy":"category","embeddable":true,"href":"https:\/\/www.seguros-impagoalquiler.es\/blog\/wp-json\/wp\/v2\/categories?post=1244"},{"taxonomy":"post_tag","embeddable":true,"href":"https:\/\/www.seguros-impagoalquiler.es\/blog\/wp-json\/wp\/v2\/tags?post=1244"}],"curies":[{"name":"wp","href":"https:\/\/api.w.org\/{rel}","templated":true}]}}