{"id":1221,"date":"2025-05-15T03:51:09","date_gmt":"2025-05-15T03:51:09","guid":{"rendered":"https:\/\/www.seguros-impagoalquiler.es\/blog\/?p=1221"},"modified":"2025-05-15T03:51:09","modified_gmt":"2025-05-15T03:51:09","slug":"alerta-tormentas","status":"publish","type":"post","link":"https:\/\/www.seguros-impagoalquiler.es\/blog\/alerta-tormentas\/05\/2025\/","title":{"rendered":"\u00a1Alerta Tormentas! \u00bfCu\u00e1ndo dejar\u00e1 de llover?"},"content":{"rendered":"<p><span style=\"font-weight: 400;\">La primavera de este a\u00f1o est\u00e1 dejando una huella intensa en el clima de Espa\u00f1a. La <\/span><b>Alerta Tormentas<\/b><span style=\"font-weight: 400;\"> activada por la Agencia Estatal de Meteorolog\u00eda (AEMET) ha puesto en vilo a varias comunidades, debido a la persistencia de lluvias.<\/span><\/p>\n<p><span style=\"font-weight: 400;\">As\u00ed como de tormentas el\u00e9ctricas y fen\u00f3menos extremos como granizo e incluso nieve en algunas zonas de monta\u00f1a. La pregunta en boca de todos es clara: \u00bfhasta cu\u00e1ndo durar\u00e1 esta situaci\u00f3n?<\/span><\/p>\n<p><span style=\"font-weight: 400;\">Aunque no es inusual que mayo venga acompa\u00f1ado de inestabilidad, lo vivido estas semanas ha superado las <\/span><b>expectativas de meteor\u00f3logos <\/b><span style=\"font-weight: 400;\">y ciudadanos por igual.\u00a0<\/span><\/p>\n<p><span style=\"font-weight: 400;\">El pa\u00eds sigue bajo la influencia de sistemas de bajas presiones, lo que prolonga la <\/span><b>Alerta Tormentas<\/b><span style=\"font-weight: 400;\"> en m\u00faltiples regiones, afectando tanto a la movilidad como a la vida cotidiana de miles de personas.<\/span><\/p>\n<table>\n<tbody>\n<tr>\n<td><b>Descubre: <\/b><a href=\"https:\/\/www.seguros-impagoalquiler.es\/blog\/el-incendio-en-silla\/05\/2025\/\"><b>As\u00ed fue el incendio en Silla que afect\u00f3 la v\u00eda<\/b><\/a><\/td>\n<\/tr>\n<\/tbody>\n<\/table>\n<div id=\"ez-toc-container\" class=\"ez-toc-v2_0_82_2 counter-hierarchy ez-toc-counter ez-toc-grey ez-toc-container-direction\">\n<div class=\"ez-toc-title-container\">\n<p class=\"ez-toc-title\" style=\"cursor:inherit\">Table of Contents<\/p>\n<span class=\"ez-toc-title-toggle\"><a href=\"#\" class=\"ez-toc-pull-right ez-toc-btn ez-toc-btn-xs ez-toc-btn-default ez-toc-toggle\" aria-label=\"Alternar tabla de contenidos\"><span class=\"ez-toc-js-icon-con\"><span class=\"\"><span class=\"eztoc-hide\" style=\"display:none;\">Toggle<\/span><span class=\"ez-toc-icon-toggle-span\"><svg style=\"fill: #999;color:#999\" xmlns=\"http:\/\/www.w3.org\/2000\/svg\" class=\"list-377408\" width=\"20px\" height=\"20px\" viewBox=\"0 0 24 24\" fill=\"none\"><path d=\"M6 6H4v2h2V6zm14 0H8v2h12V6zM4 11h2v2H4v-2zm16 0H8v2h12v-2zM4 16h2v2H4v-2zm16 0H8v2h12v-2z\" fill=\"currentColor\"><\/path><\/svg><svg style=\"fill: #999;color:#999\" class=\"arrow-unsorted-368013\" xmlns=\"http:\/\/www.w3.org\/2000\/svg\" width=\"10px\" height=\"10px\" viewBox=\"0 0 24 24\" version=\"1.2\" baseProfile=\"tiny\"><path d=\"M18.2 9.3l-6.2-6.3-6.2 6.3c-.2.2-.3.4-.3.7s.1.5.3.7c.2.2.4.3.7.3h11c.3 0 .5-.1.7-.3.2-.2.3-.5.3-.7s-.1-.5-.3-.7zM5.8 14.7l6.2 6.3 6.2-6.3c.2-.2.3-.5.3-.7s-.1-.5-.3-.7c-.2-.2-.4-.3-.7-.3h-11c-.3 0-.5.1-.7.3-.2.2-.3.5-.3.7s.1.5.3.7z\"\/><\/svg><\/span><\/span><\/span><\/a><\/span><\/div>\n<nav><ul class='ez-toc-list ez-toc-list-level-1 ' ><li class='ez-toc-page-1 ez-toc-heading-level-2'><a class=\"ez-toc-link ez-toc-heading-1\" href=\"https:\/\/www.seguros-impagoalquiler.es\/blog\/alerta-tormentas\/05\/2025\/#Esto_se_sabe_de_la_nueva_alerta_tormentas\" >Esto se sabe de la nueva alerta tormentas<\/a><\/li><li class='ez-toc-page-1 ez-toc-heading-level-2'><a class=\"ez-toc-link ez-toc-heading-2\" href=\"https:\/\/www.seguros-impagoalquiler.es\/blog\/alerta-tormentas\/05\/2025\/#%C2%BFVa_a_llover_este_fin_de_semana_en_Madrid\" >\u00bfVa a llover este fin de semana en Madrid?<\/a><\/li><li class='ez-toc-page-1 ez-toc-heading-level-2'><a class=\"ez-toc-link ez-toc-heading-3\" href=\"https:\/\/www.seguros-impagoalquiler.es\/blog\/alerta-tormentas\/05\/2025\/#Ultimas_noticias_meteorologicas_en_el_pais\" >\u00daltimas noticias meteorol\u00f3gicas en el pa\u00eds<\/a><\/li><li class='ez-toc-page-1 ez-toc-heading-level-2'><a class=\"ez-toc-link ez-toc-heading-4\" href=\"https:\/\/www.seguros-impagoalquiler.es\/blog\/alerta-tormentas\/05\/2025\/#%C2%BFEl_seguro_de_hogar_cubre_danos_por_lluvia\" >\u00bfEl seguro de hogar cubre da\u00f1os por lluvia?<\/a><\/li><li class='ez-toc-page-1 ez-toc-heading-level-2'><a class=\"ez-toc-link ez-toc-heading-5\" href=\"https:\/\/www.seguros-impagoalquiler.es\/blog\/alerta-tormentas\/05\/2025\/#%C2%BFQue_precauciones_tomar_ante_la_alerta_de_tormentas\" >\u00bfQu\u00e9 precauciones tomar ante la alerta de tormentas?<\/a><\/li><\/ul><\/nav><\/div>\n<h2><span class=\"ez-toc-section\" id=\"Esto_se_sabe_de_la_nueva_alerta_tormentas\"><\/span><span style=\"color: #ff6600;\"><b>Esto se sabe de la nueva alerta tormentas<\/b><\/span><span class=\"ez-toc-section-end\"><\/span><\/h2>\n<p><b>Seg\u00fan los \u00faltimos informes emitidos por AEMET<\/b><span style=\"font-weight: 400;\">, el actual episodio meteorol\u00f3gico responde a la conjunci\u00f3n de una borrasca sobre el norte de \u00c1frica y una baja presi\u00f3n situada al noroeste peninsular.\u00a0<\/span><\/p>\n<p><span style=\"font-weight: 400;\">Esta combinaci\u00f3n ha provocado cielos cubiertos, precipitaciones generalizadas y tormentas localmente muy intensas, especialmente en \u00e1reas de interior y regiones monta\u00f1osas.<\/span><\/p>\n<p><span style=\"font-weight: 400;\">La <\/span><b>Alerta Tormentas<\/b><span style=\"font-weight: 400;\"> se mantiene activa en zonas como el este peninsular, los Pirineos, el sudeste, interiores de Catalu\u00f1a y Baleares.\u00a0<\/span><\/p>\n<p><span style=\"font-weight: 400;\">En estas \u00e1reas, el <\/span><b>riesgo de fen\u00f3menos como granizo <\/b><span style=\"font-weight: 400;\">o fuertes descargas el\u00e9ctricas sigue siendo alto, por lo que se recomienda a la poblaci\u00f3n seguir las actualizaciones oficiales y tomar medidas preventivas.<\/span><\/p>\n<table>\n<tbody>\n<tr>\n<td>\n<p style=\"text-align: center;\"><span style=\"font-weight: 400;\">\u00bfQuieres asegurarte con la p\u00f3liza m\u00e1s rentable del mercado? Usa GRATIS nuestro <\/span><a title=\"comparador de seguros de alquiler de viviendas\" href=\"https:\/\/www.seguros-generales.es\/seguros-alquiler-viviendas.html\" target=\"_blank\" rel=\"noopener\"><b>comparador de seguros de alquiler de viviendas<\/b><\/a> <span style=\"font-weight: 400;\">y elige la opci\u00f3n m\u00e1s competente.\u00a0<\/span><\/p>\n<\/td>\n<\/tr>\n<\/tbody>\n<\/table>\n<h2><span class=\"ez-toc-section\" id=\"%C2%BFVa_a_llover_este_fin_de_semana_en_Madrid\"><\/span><span style=\"color: #ff6600;\"><b>\u00bfVa a llover este fin de semana en Madrid?<\/b><\/span><span class=\"ez-toc-section-end\"><\/span><\/h2>\n<p><span style=\"font-weight: 400;\">La buena noticia es que en ciudades como Madrid se prev\u00e9 un alivio temporal. A partir del viernes, el avance de una dorsal en altura y un anticicl\u00f3n en superficie <\/span><b>traer\u00e1n una tregua en las lluvias.\u00a0<\/b><\/p>\n<p><span style=\"font-weight: 400;\">Durante el s\u00e1bado, se espera un ambiente m\u00e1s estable, con cielos parcialmente despejados y temperaturas en ascenso. Sin embargo, <\/span><b>el domingo podr\u00eda volver la inestabilidad<\/b><span style=\"font-weight: 400;\">, sobre todo en zonas del oeste peninsular.\u00a0<\/span><\/p>\n<p><span style=\"font-weight: 400;\">Aunque no se anticipan lluvias intensas, s\u00ed podr\u00edan registrarse chubascos aislados por la tarde. As\u00ed que, si planeas actividades al aire libre, lo ideal ser\u00e1 aprovechar el s\u00e1bado.<\/span><\/p>\n<h2><span class=\"ez-toc-section\" id=\"Ultimas_noticias_meteorologicas_en_el_pais\"><\/span><span style=\"color: #ff6600;\"><b>\u00daltimas noticias meteorol\u00f3gicas en el pa\u00eds<\/b><\/span><span class=\"ez-toc-section-end\"><\/span><\/h2>\n<p><span style=\"font-weight: 400;\">Adem\u00e1s de Madrid, otras regiones tambi\u00e9n experimentar\u00e1n una mejora transitoria. Canarias, por ejemplo, <\/span><b>mostrar\u00e1 cielos menos cubiertos<\/b><span style=\"font-weight: 400;\">, aunque se esperan lloviznas d\u00e9biles en el norte de algunas islas.\u00a0<\/span><\/p>\n<p><span style=\"font-weight: 400;\">En el norte peninsular, el descenso de las temperaturas ser\u00e1 notorio, especialmente en el Cant\u00e1brico.<\/span><\/p>\n<p><span style=\"font-weight: 400;\">En el caso del Pirineo, a\u00fan podr\u00edan darse nevadas d\u00e9biles en cotas altas, algo poco habitual a estas alturas del a\u00f1o. <\/span><b>Los vientos tambi\u00e9n ser\u00e1n protagonistas<\/b><span style=\"font-weight: 400;\">, con rachas moderadas en el sur peninsular y ponientes fuertes en la zona del mar de Albor\u00e1n.<\/span><\/p>\n<h2><span class=\"ez-toc-section\" id=\"%C2%BFEl_seguro_de_hogar_cubre_danos_por_lluvia\"><\/span><span style=\"color: #ff6600;\"><b>\u00bfEl seguro de hogar cubre da\u00f1os por lluvia?<\/b><\/span><span class=\"ez-toc-section-end\"><\/span><\/h2>\n<p><span style=\"font-weight: 400;\">Muchos ciudadanos se preguntan si sus p\u00f3lizas cubren posibles da\u00f1os derivados de las intensas lluvias. En general, los seguros de hogar s\u00ed contemplan da\u00f1os por agua o filtraciones, siempre que no se deban a un mal mantenimiento.\u00a0<\/span><\/p>\n<p><span style=\"font-weight: 400;\">En el caso de fen\u00f3menos meteorol\u00f3gicos extremos, como lluvias torrenciales o granizo, es posible que intervenga el <\/span><b>Consorcio de Compensaci\u00f3n de Seguros<\/b><span style=\"font-weight: 400;\">, organismo estatal que cubre siniestros extraordinarios.<\/span><\/p>\n<p><a href=\"https:\/\/www.seguros-generales.es\/seguros-alquiler-viviendas.html\" target=\"_blank\" rel=\"noopener\"><img loading=\"lazy\" decoding=\"async\" class=\"aligncenter wp-image-1145 size-full\" title=\"Comparador de seguros de alquiler de viviendas\" src=\"https:\/\/www.seguros-impagoalquiler.es\/blog\/wp-content\/uploads\/2024\/08\/HOGAR.png\" alt=\"Comparador de seguros de alquiler de viviendas\" width=\"600\" height=\"200\" srcset=\"https:\/\/www.seguros-impagoalquiler.es\/blog\/wp-content\/uploads\/2024\/08\/HOGAR.png 600w, https:\/\/www.seguros-impagoalquiler.es\/blog\/wp-content\/uploads\/2024\/08\/HOGAR-480x160.png 480w\" sizes=\"(min-width: 0px) and (max-width: 480px) 480px, (min-width: 481px) 600px, 100vw\" \/><\/a><\/p>\n<p><span style=\"font-weight: 400;\">Lo ideal es revisar las condiciones espec\u00edficas de la p\u00f3liza, documentar los da\u00f1os con fotograf\u00edas y contactar al asegurador lo antes posible tras el incidente.<\/span><\/p>\n<h2><span class=\"ez-toc-section\" id=\"%C2%BFQue_precauciones_tomar_ante_la_alerta_de_tormentas\"><\/span><span style=\"color: #ff6600;\"><b>\u00bfQu\u00e9 precauciones tomar ante la alerta de tormentas?<\/b><\/span><span class=\"ez-toc-section-end\"><\/span><\/h2>\n<p><span style=\"font-weight: 400;\">Durante una <\/span><b>Alerta Tormentas<\/b><span style=\"font-weight: 400;\">, las autoridades recomiendan permanecer en lugares seguros, evitar desplazamientos innecesarios y no refugiarse bajo \u00e1rboles o estructuras met\u00e1licas durante las descargas el\u00e9ctricas.\u00a0<\/span><\/p>\n<p><span style=\"font-weight: 400;\">Tambi\u00e9n es aconsejable proteger aparatos electr\u00f3nicos y mantenerse informado a trav\u00e9s de fuentes oficiales como AEMET o los servicios de protecci\u00f3n civil auton\u00f3micos. C<\/span><b>errar ventanas, asegurar toldos, <\/b><span style=\"font-weight: 400;\">y limpiar desag\u00fces pueden ayudar a prevenir da\u00f1os materiales ante lluvias fuertes.<\/span><\/p>\n","protected":false},"excerpt":{"rendered":"<p>La primavera de este a\u00f1o est\u00e1 dejando una huella intensa en el clima de Espa\u00f1a. La Alerta Tormentas activada por la Agencia Estatal de Meteorolog\u00eda (AEMET) ha puesto en vilo a varias comunidades, debido a la persistencia de lluvias. As\u00ed como de tormentas el\u00e9ctricas y fen\u00f3menos extremos como granizo e incluso nieve en algunas zonas [&hellip;]<\/p>\n","protected":false},"author":3,"featured_media":1222,"comment_status":"open","ping_status":"open","sticky":false,"template":"","format":"standard","meta":{"_et_pb_use_builder":"","_et_pb_old_content":"","_et_gb_content_width":"","footnotes":""},"categories":[4],"tags":[792,795,793,794,796],"class_list":["post-1221","post","type-post","status-publish","format-standard","has-post-thumbnail","hentry","category-noticia","tag-alerta-tormentas","tag-alerta-tormentas-hoy","tag-alerta-tormentas-madrid","tag-alerta-tormentas-valencia","tag-tiempo-valencia"],"_links":{"self":[{"href":"https:\/\/www.seguros-impagoalquiler.es\/blog\/wp-json\/wp\/v2\/posts\/1221","targetHints":{"allow":["GET"]}}],"collection":[{"href":"https:\/\/www.seguros-impagoalquiler.es\/blog\/wp-json\/wp\/v2\/posts"}],"about":[{"href":"https:\/\/www.seguros-impagoalquiler.es\/blog\/wp-json\/wp\/v2\/types\/post"}],"author":[{"embeddable":true,"href":"https:\/\/www.seguros-impagoalquiler.es\/blog\/wp-json\/wp\/v2\/users\/3"}],"replies":[{"embeddable":true,"href":"https:\/\/www.seguros-impagoalquiler.es\/blog\/wp-json\/wp\/v2\/comments?post=1221"}],"version-history":[{"count":1,"href":"https:\/\/www.seguros-impagoalquiler.es\/blog\/wp-json\/wp\/v2\/posts\/1221\/revisions"}],"predecessor-version":[{"id":1223,"href":"https:\/\/www.seguros-impagoalquiler.es\/blog\/wp-json\/wp\/v2\/posts\/1221\/revisions\/1223"}],"wp:featuredmedia":[{"embeddable":true,"href":"https:\/\/www.seguros-impagoalquiler.es\/blog\/wp-json\/wp\/v2\/media\/1222"}],"wp:attachment":[{"href":"https:\/\/www.seguros-impagoalquiler.es\/blog\/wp-json\/wp\/v2\/media?parent=1221"}],"wp:term":[{"taxonomy":"category","embeddable":true,"href":"https:\/\/www.seguros-impagoalquiler.es\/blog\/wp-json\/wp\/v2\/categories?post=1221"},{"taxonomy":"post_tag","embeddable":true,"href":"https:\/\/www.seguros-impagoalquiler.es\/blog\/wp-json\/wp\/v2\/tags?post=1221"}],"curies":[{"name":"wp","href":"https:\/\/api.w.org\/{rel}","templated":true}]}}