{"id":1217,"date":"2025-05-07T02:56:24","date_gmt":"2025-05-07T02:56:24","guid":{"rendered":"https:\/\/www.seguros-impagoalquiler.es\/blog\/?p=1217"},"modified":"2025-05-07T02:56:24","modified_gmt":"2025-05-07T02:56:24","slug":"el-incendio-en-silla","status":"publish","type":"post","link":"https:\/\/www.seguros-impagoalquiler.es\/blog\/el-incendio-en-silla\/05\/2025\/","title":{"rendered":"As\u00ed fue el incendio en Silla que afect\u00f3 la v\u00eda"},"content":{"rendered":"<p><span style=\"font-weight: 400;\">El <\/span><b>incendio en Silla<\/b><span style=\"font-weight: 400;\"> registrado este martes caus\u00f3 una gran conmoci\u00f3n en la comarca valenciana, obligando incluso a interrumpir el tr\u00e1fico ferroviario en uno de los momentos de mayor circulaci\u00f3n del d\u00eda.\u00a0<\/span><\/p>\n<p><span style=\"font-weight: 400;\">El siniestro, originado en una empresa de reciclaje ubicada en el pol\u00edgono industrial de l\u2019Alter\u00f3, gener\u00f3 una enorme columna de humo que <\/span><b>se pod\u00eda ver a kil\u00f3metros de distancia<\/b><span style=\"font-weight: 400;\">, generando alarma entre vecinos y conductores.<\/span><\/p>\n<p><span style=\"font-weight: 400;\">La magnitud del fuego fue tal que <\/span><b>afect\u00f3 no solo a las instalaciones industriales<\/b><span style=\"font-weight: 400;\"> donde se origin\u00f3, sino tambi\u00e9n a servicios de transporte p\u00fablico y a la rutina diaria de cientos de personas.\u00a0<\/span><\/p>\n<p><span style=\"font-weight: 400;\">Afortunadamente, no se registraron heridos, y las labores de extinci\u00f3n fueron efectivas gracias a la r\u00e1pida intervenci\u00f3n de los bomberos. El <\/span><b>incendio en Silla<\/b><span style=\"font-weight: 400;\"> tambi\u00e9n pone sobre la mesa la importancia de contar con medidas de seguridad industrial y protocolos de respuesta ante emergencias bien definidos.<\/span><\/p>\n<table>\n<tbody>\n<tr>\n<td><b>Descubre: <\/b><a href=\"https:\/\/www.seguros-impagoalquiler.es\/blog\/dni-en-el-movil\/04\/2025\/\"><b>\u00bfC\u00f3mo tener el DNI en el m\u00f3vil? \u00a1Aprobado oficialmente!<\/b><\/a><\/td>\n<\/tr>\n<\/tbody>\n<\/table>\n<div id=\"ez-toc-container\" class=\"ez-toc-v2_0_82_2 counter-hierarchy ez-toc-counter ez-toc-grey ez-toc-container-direction\">\n<div class=\"ez-toc-title-container\">\n<p class=\"ez-toc-title\" style=\"cursor:inherit\">Table of Contents<\/p>\n<span class=\"ez-toc-title-toggle\"><a href=\"#\" class=\"ez-toc-pull-right ez-toc-btn ez-toc-btn-xs ez-toc-btn-default ez-toc-toggle\" aria-label=\"Alternar tabla de contenidos\"><span class=\"ez-toc-js-icon-con\"><span class=\"\"><span class=\"eztoc-hide\" style=\"display:none;\">Toggle<\/span><span class=\"ez-toc-icon-toggle-span\"><svg style=\"fill: #999;color:#999\" xmlns=\"http:\/\/www.w3.org\/2000\/svg\" class=\"list-377408\" width=\"20px\" height=\"20px\" viewBox=\"0 0 24 24\" fill=\"none\"><path d=\"M6 6H4v2h2V6zm14 0H8v2h12V6zM4 11h2v2H4v-2zm16 0H8v2h12v-2zM4 16h2v2H4v-2zm16 0H8v2h12v-2z\" fill=\"currentColor\"><\/path><\/svg><svg style=\"fill: #999;color:#999\" class=\"arrow-unsorted-368013\" xmlns=\"http:\/\/www.w3.org\/2000\/svg\" width=\"10px\" height=\"10px\" viewBox=\"0 0 24 24\" version=\"1.2\" baseProfile=\"tiny\"><path d=\"M18.2 9.3l-6.2-6.3-6.2 6.3c-.2.2-.3.4-.3.7s.1.5.3.7c.2.2.4.3.7.3h11c.3 0 .5-.1.7-.3.2-.2.3-.5.3-.7s-.1-.5-.3-.7zM5.8 14.7l6.2 6.3 6.2-6.3c.2-.2.3-.5.3-.7s-.1-.5-.3-.7c-.2-.2-.4-.3-.7-.3h-11c-.3 0-.5.1-.7.3-.2.2-.3.5-.3.7s.1.5.3.7z\"\/><\/svg><\/span><\/span><\/span><\/a><\/span><\/div>\n<nav><ul class='ez-toc-list ez-toc-list-level-1 ' ><li class='ez-toc-page-1 ez-toc-heading-level-2'><a class=\"ez-toc-link ez-toc-heading-1\" href=\"https:\/\/www.seguros-impagoalquiler.es\/blog\/el-incendio-en-silla\/05\/2025\/#%C2%BFComo_fue_el_incendio_en_Silla\" >\u00bfC\u00f3mo fue el incendio en Silla?<\/a><\/li><li class='ez-toc-page-1 ez-toc-heading-level-2'><a class=\"ez-toc-link ez-toc-heading-2\" href=\"https:\/\/www.seguros-impagoalquiler.es\/blog\/el-incendio-en-silla\/05\/2025\/#Impacto_sobre_la_red_ferroviaria\" >Impacto sobre la red ferroviaria<\/a><\/li><li class='ez-toc-page-1 ez-toc-heading-level-2'><a class=\"ez-toc-link ez-toc-heading-3\" href=\"https:\/\/www.seguros-impagoalquiler.es\/blog\/el-incendio-en-silla\/05\/2025\/#Respuesta_de_las_autoridades_y_servicios_de_emergencia\" >Respuesta de las autoridades y servicios de emergencia<\/a><\/li><li class='ez-toc-page-1 ez-toc-heading-level-2'><a class=\"ez-toc-link ez-toc-heading-4\" href=\"https:\/\/www.seguros-impagoalquiler.es\/blog\/el-incendio-en-silla\/05\/2025\/#%C2%BFQue_materiales_se_vieron_afectados\" >\u00bfQu\u00e9 materiales se vieron afectados?<\/a><\/li><\/ul><\/nav><\/div>\n<h2><span class=\"ez-toc-section\" id=\"%C2%BFComo_fue_el_incendio_en_Silla\"><\/span><span style=\"color: #ff6600;\"><b>\u00bfC\u00f3mo fue el incendio en Silla?<\/b><\/span><span class=\"ez-toc-section-end\"><\/span><\/h2>\n<p><b>El fuego comenz\u00f3 poco despu\u00e9s de las 15:00 horas <\/b><span style=\"font-weight: 400;\">en una nave industrial de una empresa dedicada al reciclaje de cart\u00f3n y pl\u00e1sticos. Al parecer, fue un trabajador que regresaba de su pausa de comida quien dio la voz de alerta tras observar humo saliendo del edificio.\u00a0<\/span><\/p>\n<p><b>La situaci\u00f3n se agrav\u00f3 r\u00e1pidamente,<\/b><span style=\"font-weight: 400;\"> y los empleados apenas tuvieron tiempo de evacuar el lugar y rescatar parte de la maquinaria antes de que las llamas consumieran gran parte del material acumulado.<\/span><\/p>\n<p><a href=\"https:\/\/www.seguros-generales.es\/seguros-alquiler-viviendas.html\" target=\"_blank\" rel=\"noopener\"><img loading=\"lazy\" decoding=\"async\" class=\"aligncenter wp-image-1145 size-full\" title=\"Comparador de seguros de alquiler de viviendas\" src=\"https:\/\/www.seguros-impagoalquiler.es\/blog\/wp-content\/uploads\/2024\/08\/HOGAR.png\" alt=\"Comparador de seguros de alquiler de viviendas\" width=\"600\" height=\"200\" srcset=\"https:\/\/www.seguros-impagoalquiler.es\/blog\/wp-content\/uploads\/2024\/08\/HOGAR.png 600w, https:\/\/www.seguros-impagoalquiler.es\/blog\/wp-content\/uploads\/2024\/08\/HOGAR-480x160.png 480w\" sizes=\"(min-width: 0px) and (max-width: 480px) 480px, (min-width: 481px) 600px, 100vw\" \/><\/a><\/p>\n<p><span style=\"font-weight: 400;\">El <\/span><b>incendio en Silla<\/b><span style=\"font-weight: 400;\"> afect\u00f3 tanto el interior como el exterior de la nave, lo que complic\u00f3 el trabajo de los servicios de emergencia. La direcci\u00f3n del viento, no obstante, jug\u00f3 un papel positivo al evitar que el fuego se propagara a instalaciones vecinas.\u00a0<\/span><\/p>\n<p><span style=\"font-weight: 400;\">Los bomberos acudieron al lugar desde distintos municipios cercanos y lograron controlar el fuego antes de que alcanzara mayores dimensiones.<\/span><\/p>\n<table>\n<tbody>\n<tr>\n<td>\n<p style=\"text-align: center;\"><span style=\"font-weight: 400;\">\u00bfEst\u00e1s pensando en adquirir una nueva p\u00f3liza? \u00a1Te ayudamos a conseguir la mejor opci\u00f3n a un precio impresionante con el <\/span><a title=\"comparador de seguros de alquiler de viviendas\" href=\"https:\/\/www.seguros-generales.es\/seguros-alquiler-viviendas.html\" target=\"_blank\" rel=\"noopener\"><b>comparador de seguros de alquiler de viviendas<\/b><\/a><b>.<\/b><\/p>\n<\/td>\n<\/tr>\n<\/tbody>\n<\/table>\n<h2><span class=\"ez-toc-section\" id=\"Impacto_sobre_la_red_ferroviaria\"><\/span><span style=\"color: #ff6600;\"><b>Impacto sobre la red ferroviaria<\/b><\/span><span class=\"ez-toc-section-end\"><\/span><\/h2>\n<p><span style=\"font-weight: 400;\">Una de las consecuencias m\u00e1s inmediatas del incidente fue la suspensi\u00f3n temporal del servicio ferroviario entre Silla y Catarroja, dos localidades unidas <\/span><b>por las l\u00edneas de cercan\u00edas C1 y C2.\u00a0<\/b><\/p>\n<p><span style=\"font-weight: 400;\">La cercan\u00eda del incendio a las v\u00edas oblig\u00f3 a detener el tr\u00e1fico de trenes y a activar un servicio alternativo de autobuses para los pasajeros afectados. La situaci\u00f3n gener\u00f3 caos en la <\/span><b>estaci\u00f3n del Norte de Valencia,<\/b><span style=\"font-weight: 400;\"> donde varios trenes sufrieron retrasos y cambios de v\u00eda, provocando confusi\u00f3n entre los usuarios.\u00a0<\/span><\/p>\n<p><span style=\"font-weight: 400;\">Este tipo de alteraciones demuestra c\u00f3mo una emergencia industrial puede tener repercusiones m\u00e1s all\u00e1 del recinto empresarial, afectando la movilidad urbana e interurbana.<\/span><\/p>\n<table>\n<tbody>\n<tr>\n<td><b>Descubre: <\/b><a title=\"Mis dientes tienen manchas blancas\" href=\"https:\/\/www.seguros-dentales.es\/blog\/mis-dientes-tienen-manchas-blancas\/04\/2025\/\" target=\"_blank\" rel=\"noopener\"><b>Mis dientes tienen manchas blancas, \u00bfQu\u00e9 hacer?<\/b><\/a><\/td>\n<\/tr>\n<\/tbody>\n<\/table>\n<h2><span class=\"ez-toc-section\" id=\"Respuesta_de_las_autoridades_y_servicios_de_emergencia\"><\/span><span style=\"color: #ff6600;\"><b>Respuesta de las autoridades y servicios de emergencia<\/b><\/span><span class=\"ez-toc-section-end\"><\/span><\/h2>\n<p><span style=\"font-weight: 400;\">Tanto el alcalde de Silla como el de Beniparrell estuvieron presentes en la zona, monitoreando el avance de las llamas y coordinando acciones con los cuerpos de emergencia.\u00a0<\/span><\/p>\n<p><span style=\"font-weight: 400;\">Desde la administraci\u00f3n local se solicit\u00f3 apoyo a la Agencia Estatal de Meteorolog\u00eda (AEMET) para conocer la evoluci\u00f3n del viento y <\/span><b>prevenir posibles riesgos para la poblaci\u00f3n cercana.<\/b><\/p>\n<p><span style=\"font-weight: 400;\">El consorcio de bomberos destac\u00f3 que, aunque el incendio fue de gran magnitud, se lograron avances importantes en la contenci\u00f3n del fuego desde las primeras horas. Adem\u00e1s, se subray\u00f3 que la actuaci\u00f3n r\u00e1pida de los trabajadores al evacuar el \u00e1rea evit\u00f3 posibles tragedias.<\/span><\/p>\n<h2><span class=\"ez-toc-section\" id=\"%C2%BFQue_materiales_se_vieron_afectados\"><\/span><span style=\"color: #ff6600;\"><b>\u00bfQu\u00e9 materiales se vieron afectados?<\/b><\/span><span class=\"ez-toc-section-end\"><\/span><\/h2>\n<p><span style=\"font-weight: 400;\">La nave donde se desat\u00f3 el <\/span><b>incendio en Silla<\/b><span style=\"font-weight: 400;\"> almacenaba grandes vol\u00famenes de cart\u00f3n y pl\u00e1stico, materiales altamente inflamables. Estos residuos no solo intensificaron el fuego, sino que tambi\u00e9n contribuyeron a la densa humareda negra visible desde puntos tan lejanos como la Albufera.<\/span><\/p>\n<p><span style=\"font-weight: 400;\">La naturaleza de estos materiales tambi\u00e9n plantea preocupaciones ambientales, pues su combusti\u00f3n genera gases contaminantes que pueden afectar la calidad del aire.<\/span><\/p>\n","protected":false},"excerpt":{"rendered":"<p>El incendio en Silla registrado este martes caus\u00f3 una gran conmoci\u00f3n en la comarca valenciana, obligando incluso a interrumpir el tr\u00e1fico ferroviario en uno de los momentos de mayor circulaci\u00f3n del d\u00eda.\u00a0 El siniestro, originado en una empresa de reciclaje ubicada en el pol\u00edgono industrial de l\u2019Alter\u00f3, gener\u00f3 una enorme columna de humo que se [&hellip;]<\/p>\n","protected":false},"author":3,"featured_media":1218,"comment_status":"open","ping_status":"open","sticky":false,"template":"","format":"standard","meta":{"_et_pb_use_builder":"","_et_pb_old_content":"","_et_gb_content_width":"","footnotes":""},"categories":[4],"tags":[789,791,790],"class_list":["post-1217","post","type-post","status-publish","format-standard","has-post-thumbnail","hentry","category-noticia","tag-incendio-en-silla","tag-incendio-en-silla-2025","tag-incendio-en-silla-valencia"],"_links":{"self":[{"href":"https:\/\/www.seguros-impagoalquiler.es\/blog\/wp-json\/wp\/v2\/posts\/1217","targetHints":{"allow":["GET"]}}],"collection":[{"href":"https:\/\/www.seguros-impagoalquiler.es\/blog\/wp-json\/wp\/v2\/posts"}],"about":[{"href":"https:\/\/www.seguros-impagoalquiler.es\/blog\/wp-json\/wp\/v2\/types\/post"}],"author":[{"embeddable":true,"href":"https:\/\/www.seguros-impagoalquiler.es\/blog\/wp-json\/wp\/v2\/users\/3"}],"replies":[{"embeddable":true,"href":"https:\/\/www.seguros-impagoalquiler.es\/blog\/wp-json\/wp\/v2\/comments?post=1217"}],"version-history":[{"count":1,"href":"https:\/\/www.seguros-impagoalquiler.es\/blog\/wp-json\/wp\/v2\/posts\/1217\/revisions"}],"predecessor-version":[{"id":1219,"href":"https:\/\/www.seguros-impagoalquiler.es\/blog\/wp-json\/wp\/v2\/posts\/1217\/revisions\/1219"}],"wp:featuredmedia":[{"embeddable":true,"href":"https:\/\/www.seguros-impagoalquiler.es\/blog\/wp-json\/wp\/v2\/media\/1218"}],"wp:attachment":[{"href":"https:\/\/www.seguros-impagoalquiler.es\/blog\/wp-json\/wp\/v2\/media?parent=1217"}],"wp:term":[{"taxonomy":"category","embeddable":true,"href":"https:\/\/www.seguros-impagoalquiler.es\/blog\/wp-json\/wp\/v2\/categories?post=1217"},{"taxonomy":"post_tag","embeddable":true,"href":"https:\/\/www.seguros-impagoalquiler.es\/blog\/wp-json\/wp\/v2\/tags?post=1217"}],"curies":[{"name":"wp","href":"https:\/\/api.w.org\/{rel}","templated":true}]}}