{"id":1202,"date":"2025-03-07T04:46:25","date_gmt":"2025-03-07T04:46:25","guid":{"rendered":"https:\/\/www.seguros-impagoalquiler.es\/blog\/?p=1202"},"modified":"2025-03-07T04:51:31","modified_gmt":"2025-03-07T04:51:31","slug":"el-tiempo-barcelona","status":"publish","type":"post","link":"https:\/\/www.seguros-impagoalquiler.es\/blog\/el-tiempo-barcelona\/03\/2025\/","title":{"rendered":"El tiempo m\u00e1s desafiante del fin de semana es ESTE"},"content":{"rendered":"<p><b>El tiempo es un factor determinante en nuestras actividades diarias<\/b><span style=\"font-weight: 400;\">, especialmente cuando se avecinan jornadas de condiciones meteorol\u00f3gicas adversas. Para muchas personas, esto puede significar cambios de planes o la necesidad de tomar precauciones adicionales.<\/span><\/p>\n<p><span style=\"font-weight: 400;\">Durante el fin de semana, las previsiones indican que la inestabilidad clim\u00e1tica ser\u00e1 protagonista en varias regiones, con <\/span><b>lluvias intensas y fuertes rachas de viento.<\/b><span style=\"font-weight: 400;\"> El tiempo seguir\u00e1 marcado por la llegada de una borrasca que afectar\u00e1 a distintos puntos de Espa\u00f1a.\u00a0<\/span><\/p>\n<p><a href=\"https:\/\/www.seguros-generales.es\/seguros-alquiler-viviendas.html\" target=\"_blank\" rel=\"noopener\"><img loading=\"lazy\" decoding=\"async\" class=\"aligncenter wp-image-1145 size-full\" title=\"Comparador de seguros de alquiler de viviendas\" src=\"https:\/\/www.seguros-impagoalquiler.es\/blog\/wp-content\/uploads\/2024\/08\/HOGAR.png\" alt=\"Comparador de seguros de alquiler de viviendas\" width=\"600\" height=\"200\" srcset=\"https:\/\/www.seguros-impagoalquiler.es\/blog\/wp-content\/uploads\/2024\/08\/HOGAR.png 600w, https:\/\/www.seguros-impagoalquiler.es\/blog\/wp-content\/uploads\/2024\/08\/HOGAR-480x160.png 480w\" sizes=\"(min-width: 0px) and (max-width: 480px) 480px, (min-width: 481px) 600px, 100vw\" \/><\/a><\/p>\n<p><span style=\"font-weight: 400;\">En algunas \u00e1reas,<\/span><b> las precipitaciones ser\u00e1n constantes,<\/b><span style=\"font-weight: 400;\"> mientras que en otras se esperan tormentas puntuales con acumulaciones significativas de agua en cortos periodos. Es fundamental conocer cu\u00e1les ser\u00e1n las zonas m\u00e1s afectadas y qu\u00e9 esperar en cada regi\u00f3n para estar preparados ante cualquier imprevisto.<\/span><\/p>\n<table style=\"width: 62.3521%; height: 52px;\">\n<tbody>\n<tr>\n<td style=\"width: 100%;\"><b>Descubre: <a title=\"Precio luz este domingo 16 de febrero\" href=\"https:\/\/www.seguros-impagoalquiler.es\/blog\/precio-luz-domingo\/02\/2025\/\" target=\"_blank\" rel=\"noopener\">Precio luz este domingo 16 de febrero | Nuevas tarifas<\/a><\/b><\/td>\n<\/tr>\n<\/tbody>\n<\/table>\n<div id=\"ez-toc-container\" class=\"ez-toc-v2_0_82_2 counter-hierarchy ez-toc-counter ez-toc-grey ez-toc-container-direction\">\n<div class=\"ez-toc-title-container\">\n<p class=\"ez-toc-title\" style=\"cursor:inherit\">Table of Contents<\/p>\n<span class=\"ez-toc-title-toggle\"><a href=\"#\" class=\"ez-toc-pull-right ez-toc-btn ez-toc-btn-xs ez-toc-btn-default ez-toc-toggle\" aria-label=\"Alternar tabla de contenidos\"><span class=\"ez-toc-js-icon-con\"><span class=\"\"><span class=\"eztoc-hide\" style=\"display:none;\">Toggle<\/span><span class=\"ez-toc-icon-toggle-span\"><svg style=\"fill: #999;color:#999\" xmlns=\"http:\/\/www.w3.org\/2000\/svg\" class=\"list-377408\" width=\"20px\" height=\"20px\" viewBox=\"0 0 24 24\" fill=\"none\"><path d=\"M6 6H4v2h2V6zm14 0H8v2h12V6zM4 11h2v2H4v-2zm16 0H8v2h12v-2zM4 16h2v2H4v-2zm16 0H8v2h12v-2z\" fill=\"currentColor\"><\/path><\/svg><svg style=\"fill: #999;color:#999\" class=\"arrow-unsorted-368013\" xmlns=\"http:\/\/www.w3.org\/2000\/svg\" width=\"10px\" height=\"10px\" viewBox=\"0 0 24 24\" version=\"1.2\" baseProfile=\"tiny\"><path d=\"M18.2 9.3l-6.2-6.3-6.2 6.3c-.2.2-.3.4-.3.7s.1.5.3.7c.2.2.4.3.7.3h11c.3 0 .5-.1.7-.3.2-.2.3-.5.3-.7s-.1-.5-.3-.7zM5.8 14.7l6.2 6.3 6.2-6.3c.2-.2.3-.5.3-.7s-.1-.5-.3-.7c-.2-.2-.4-.3-.7-.3h-11c-.3 0-.5.1-.7.3-.2.2-.3.5-.3.7s.1.5.3.7z\"\/><\/svg><\/span><\/span><\/span><\/a><\/span><\/div>\n<nav><ul class='ez-toc-list ez-toc-list-level-1 ' ><li class='ez-toc-page-1 ez-toc-heading-level-2'><a class=\"ez-toc-link ez-toc-heading-1\" href=\"https:\/\/www.seguros-impagoalquiler.es\/blog\/el-tiempo-barcelona\/03\/2025\/#%C2%BFQue_se_espera_del_tiempo_en_Barcelona\" >\u00bfQu\u00e9 se espera del tiempo en Barcelona?<\/a><\/li><li class='ez-toc-page-1 ez-toc-heading-level-2'><a class=\"ez-toc-link ez-toc-heading-2\" href=\"https:\/\/www.seguros-impagoalquiler.es\/blog\/el-tiempo-barcelona\/03\/2025\/#%C2%BFDonde_hay_mas_probabilidad_de_lluvia\" >\u00bfD\u00f3nde hay m\u00e1s probabilidad de lluvia?<\/a><\/li><li class='ez-toc-page-1 ez-toc-heading-level-2'><a class=\"ez-toc-link ez-toc-heading-3\" href=\"https:\/\/www.seguros-impagoalquiler.es\/blog\/el-tiempo-barcelona\/03\/2025\/#Consejos_para_asumir_lluvias_intensas\" >Consejos para asumir lluvias intensas<\/a><\/li><li class='ez-toc-page-1 ez-toc-heading-level-2'><a class=\"ez-toc-link ez-toc-heading-4\" href=\"https:\/\/www.seguros-impagoalquiler.es\/blog\/el-tiempo-barcelona\/03\/2025\/#%C2%BFQue_esperar_del_pronostico_del_clima_para_el_sabado\" >\u00bfQu\u00e9 esperar del pron\u00f3stico del clima para el s\u00e1bado?<\/a><\/li><\/ul><\/nav><\/div>\n<h2><span class=\"ez-toc-section\" id=\"%C2%BFQue_se_espera_del_tiempo_en_Barcelona\"><\/span><span style=\"color: #ff6600;\"><b>\u00bfQu\u00e9 se espera del tiempo en Barcelona?<\/b><\/span><span class=\"ez-toc-section-end\"><\/span><\/h2>\n<p><span style=\"font-weight: 400;\">Barcelona <\/span><b>ser\u00e1 una de las ciudades con mayor impacto por las lluvias <\/b><span style=\"font-weight: 400;\">durante el fin de semana. Seg\u00fan las previsiones meteorol\u00f3gicas, la capital catalana experimentar\u00e1 precipitaciones continuas desde la madrugada del s\u00e1bado.<\/span><\/p>\n<p><span style=\"font-weight: 400;\">Adem\u00e1s se espera que esto sea con acumulaciones que <\/span><b>podr\u00edan superar los 20 litros por metro cuadrado en solo media hora<\/b><span style=\"font-weight: 400;\">. Esta situaci\u00f3n ha llevado a la activaci\u00f3n de avisos meteorol\u00f3gicos en la ciudad y en diversas comarcas cercanas.<\/span><\/p>\n<p><span style=\"font-weight: 400;\">Adem\u00e1s de la lluvia, se esperan r\u00e1fagas de viento moderadas a fuertes, lo que podr\u00eda complicar el tr\u00e1nsito y generar alteraciones en eventos al aire libre. Ante esta situaci\u00f3n, las autoridades han recomendado a la poblaci\u00f3n mantenerse informada y <\/span><b>evitar desplazamientos innecesarios<\/b><span style=\"font-weight: 400;\"> en las horas de mayor intensidad de la tormenta.<\/span><\/p>\n<h2><span class=\"ez-toc-section\" id=\"%C2%BFDonde_hay_mas_probabilidad_de_lluvia\"><\/span><span style=\"color: #ff6600;\"><b>\u00bfD\u00f3nde hay m\u00e1s probabilidad de lluvia?<\/b><\/span><span class=\"ez-toc-section-end\"><\/span><\/h2>\n<p><span style=\"font-weight: 400;\">Si bien la lluvia afectar\u00e1 a muchas regiones, hay zonas donde las precipitaciones ser\u00e1n m\u00e1s intensas y prolongadas. Entre ellas destacan:<\/span><\/p>\n<ul>\n<li style=\"font-weight: 400;\" aria-level=\"1\"><b>Noreste de Catalu\u00f1a<\/b><span style=\"font-weight: 400;\">: En esta \u00e1rea, se prev\u00e9 la mayor cantidad de chubascos, con riesgo de tormentas el\u00e9ctricas y acumulaciones de agua significativas.<\/span><\/li>\n<li style=\"font-weight: 400;\" aria-level=\"1\"><b>Comunidad Valenciana y Regi\u00f3n de Murcia<\/b><span style=\"font-weight: 400;\">: Se esperan lluvias persistentes que podr\u00edan generar inundaciones en algunos puntos urbanos y rurales.<\/span><\/li>\n<li style=\"font-weight: 400;\" aria-level=\"1\"><b>Zona centro y sur de Espa\u00f1a<\/b><span style=\"font-weight: 400;\">: Aunque de forma m\u00e1s dispersa, algunas provincias del centro del pa\u00eds recibir\u00e1n lluvias intermitentes durante el fin de semana.<\/span><\/li>\n<\/ul>\n<p><span style=\"font-weight: 400;\">La alerta meteorol\u00f3gica en estas \u00e1reas sugiere la posibilidad de fen\u00f3menos adversos como crecidas de r\u00edos y deslizamientos de tierra, por lo que es importante mantenerse alerta ante cualquier actualizaci\u00f3n de los servicios meteorol\u00f3gicos.<\/span><\/p>\n<table>\n<tbody>\n<tr>\n<td><span style=\"font-weight: 400;\">\u00bfBuscas un seguro completo a buen precio? \u00a1USA GRATIS el <\/span><a href=\"https:\/\/www.seguros-generales.es\/seguros-alquiler-viviendas.html\" target=\"_blank\" rel=\"noopener\"><b>comparador de seguros de alquiler de viviendas<\/b><\/a><b>.<\/b><\/td>\n<\/tr>\n<\/tbody>\n<\/table>\n<h2><span class=\"ez-toc-section\" id=\"Consejos_para_asumir_lluvias_intensas\"><\/span><span style=\"color: #ff6600;\"><b>Consejos para asumir lluvias intensas<\/b><\/span><span class=\"ez-toc-section-end\"><\/span><\/h2>\n<p><span style=\"font-weight: 400;\">Cuando el pron\u00f3stico indica lluvias fuertes, es fundamental tomar medidas de precauci\u00f3n para evitar inconvenientes. Aqu\u00ed algunos consejos clave:<\/span><\/p>\n<ol>\n<li style=\"font-weight: 400;\" aria-level=\"1\"><b>Evitar conducir en momentos de m\u00e1xima intensidad<\/b><span style=\"font-weight: 400;\">: La visibilidad reducida y la acumulaci\u00f3n de agua en la v\u00eda pueden aumentar el riesgo de accidentes.<\/span><\/li>\n<li style=\"font-weight: 400;\" aria-level=\"1\"><b>Revisar desag\u00fces y canaletas en casa<\/b><span style=\"font-weight: 400;\">: Asegurarse de que el agua pueda fluir correctamente evitar\u00e1 filtraciones y posibles inundaciones.<\/span><\/li>\n<li style=\"font-weight: 400;\" aria-level=\"1\"><b>Llevar ropa y calzado impermeable<\/b><span style=\"font-weight: 400;\">: Si es necesario salir, contar con prendas adecuadas ayudar\u00e1 a mantenerse seco y protegido del fr\u00edo.<\/span><\/li>\n<li style=\"font-weight: 400;\" aria-level=\"1\"><b>Estar atento a las alertas oficiales<\/b><span style=\"font-weight: 400;\">: Los servicios meteorol\u00f3gicos y de emergencia emiten actualizaciones constantes sobre la evoluci\u00f3n del tiempo.<\/span><\/li>\n<li style=\"font-weight: 400;\" aria-level=\"1\"><b>Evitar zonas propensas a inundaciones<\/b><span style=\"font-weight: 400;\">: En caso de fuertes precipitaciones, es recomendable no transitar por \u00e1reas de riesgo como r\u00edos o pasos subterr\u00e1neos.<\/span><\/li>\n<\/ol>\n<h2><span class=\"ez-toc-section\" id=\"%C2%BFQue_esperar_del_pronostico_del_clima_para_el_sabado\"><\/span><span style=\"color: #ff6600;\"><b>\u00bfQu\u00e9 esperar del pron\u00f3stico del clima para el s\u00e1bado?<\/b><\/span><span class=\"ez-toc-section-end\"><\/span><\/h2>\n<p><span style=\"font-weight: 400;\">El s\u00e1bado ser\u00e1 uno de los d\u00edas m\u00e1s complicados del fin de semana en t\u00e9rminos meteorol\u00f3gicos. La borrasca que afecta al pa\u00eds se intensificar\u00e1 en varias regiones, generando lluvias persistentes y, en algunos casos, tormentas el\u00e9ctricas.\u00a0<\/span><\/p>\n<p><span style=\"font-weight: 400;\">Catalu\u00f1a, la Comunidad Valenciana y el sureste peninsular estar\u00e1n entre las zonas con mayor acumulaci\u00f3n de precipitaciones.<\/span><\/p>\n<p><span style=\"font-weight: 400;\">En el norte de Espa\u00f1a, las lluvias estar\u00e1n acompa\u00f1adas de un descenso de temperaturas, lo que podr\u00eda provocar nevadas en zonas de monta\u00f1a. Mientras tanto, en la zona centro y oeste del pa\u00eds, el clima ser\u00e1 m\u00e1s variable, con intervalos de sol y nubes, aunque no se descartan lluvias puntuales.<\/span><\/p>\n","protected":false},"excerpt":{"rendered":"<p>El tiempo es un factor determinante en nuestras actividades diarias, especialmente cuando se avecinan jornadas de condiciones meteorol\u00f3gicas adversas. Para muchas personas, esto puede significar cambios de planes o la necesidad de tomar precauciones adicionales. Durante el fin de semana, las previsiones indican que la inestabilidad clim\u00e1tica ser\u00e1 protagonista en varias regiones, con lluvias intensas [&hellip;]<\/p>\n","protected":false},"author":3,"featured_media":1203,"comment_status":"open","ping_status":"open","sticky":false,"template":"","format":"standard","meta":{"_et_pb_use_builder":"","_et_pb_old_content":"","_et_gb_content_width":"","footnotes":""},"categories":[4],"tags":[],"class_list":["post-1202","post","type-post","status-publish","format-standard","has-post-thumbnail","hentry","category-noticia"],"_links":{"self":[{"href":"https:\/\/www.seguros-impagoalquiler.es\/blog\/wp-json\/wp\/v2\/posts\/1202","targetHints":{"allow":["GET"]}}],"collection":[{"href":"https:\/\/www.seguros-impagoalquiler.es\/blog\/wp-json\/wp\/v2\/posts"}],"about":[{"href":"https:\/\/www.seguros-impagoalquiler.es\/blog\/wp-json\/wp\/v2\/types\/post"}],"author":[{"embeddable":true,"href":"https:\/\/www.seguros-impagoalquiler.es\/blog\/wp-json\/wp\/v2\/users\/3"}],"replies":[{"embeddable":true,"href":"https:\/\/www.seguros-impagoalquiler.es\/blog\/wp-json\/wp\/v2\/comments?post=1202"}],"version-history":[{"count":3,"href":"https:\/\/www.seguros-impagoalquiler.es\/blog\/wp-json\/wp\/v2\/posts\/1202\/revisions"}],"predecessor-version":[{"id":1206,"href":"https:\/\/www.seguros-impagoalquiler.es\/blog\/wp-json\/wp\/v2\/posts\/1202\/revisions\/1206"}],"wp:featuredmedia":[{"embeddable":true,"href":"https:\/\/www.seguros-impagoalquiler.es\/blog\/wp-json\/wp\/v2\/media\/1203"}],"wp:attachment":[{"href":"https:\/\/www.seguros-impagoalquiler.es\/blog\/wp-json\/wp\/v2\/media?parent=1202"}],"wp:term":[{"taxonomy":"category","embeddable":true,"href":"https:\/\/www.seguros-impagoalquiler.es\/blog\/wp-json\/wp\/v2\/categories?post=1202"},{"taxonomy":"post_tag","embeddable":true,"href":"https:\/\/www.seguros-impagoalquiler.es\/blog\/wp-json\/wp\/v2\/tags?post=1202"}],"curies":[{"name":"wp","href":"https:\/\/api.w.org\/{rel}","templated":true}]}}