{"id":1198,"date":"2025-02-15T23:36:46","date_gmt":"2025-02-15T23:36:46","guid":{"rendered":"https:\/\/www.seguros-impagoalquiler.es\/blog\/?p=1198"},"modified":"2025-02-15T23:36:46","modified_gmt":"2025-02-15T23:36:46","slug":"precio-luz-domingo","status":"publish","type":"post","link":"https:\/\/www.seguros-impagoalquiler.es\/blog\/precio-luz-domingo\/02\/2025\/","title":{"rendered":"Precio luz este domingo 16 de febrero | Nuevas tarifas"},"content":{"rendered":"<p><b>El precio luz sigue siendo un tema de gran inter\u00e9s<\/b><span style=\"font-weight: 400;\"> para los consumidores, ya que fluct\u00faa constantemente y puede impactar significativamente en la econom\u00eda familiar.\u00a0<\/span><\/p>\n<p><span style=\"font-weight: 400;\">Este domingo 16 de febrero, <\/span><b>las tarifas han experimentado una leve reducci\u00f3n con respecto<\/b><span style=\"font-weight: 400;\"> al d\u00eda anterior, una noticia que, aunque modesta, representa un alivio para muchos hogares.\u00a0<\/span><\/p>\n<p><a href=\"https:\/\/www.seguros-generales.es\/seguros-alquiler-viviendas.html\" target=\"_blank\" rel=\"noopener\"><img loading=\"lazy\" decoding=\"async\" class=\"aligncenter wp-image-1145 size-full\" title=\"Comparador de seguros de alquiler de viviendas\" src=\"https:\/\/www.seguros-impagoalquiler.es\/blog\/wp-content\/uploads\/2024\/08\/HOGAR.png\" alt=\"Comparador de seguros de alquiler de viviendas\" width=\"600\" height=\"200\" srcset=\"https:\/\/www.seguros-impagoalquiler.es\/blog\/wp-content\/uploads\/2024\/08\/HOGAR.png 600w, https:\/\/www.seguros-impagoalquiler.es\/blog\/wp-content\/uploads\/2024\/08\/HOGAR-480x160.png 480w\" sizes=\"(min-width: 0px) and (max-width: 480px) 480px, (min-width: 481px) 600px, 100vw\" \/><\/a><\/p>\n<p><span style=\"font-weight: 400;\">Sin embargo, las variaciones horarias siguen marcando la diferencia a la hora de planificar el consumo energ\u00e9tico. Comprender la <\/span><b>evoluci\u00f3n del precio luz<\/b><span style=\"font-weight: 400;\"> permite a los usuarios ajustar su consumo en los momentos m\u00e1s econ\u00f3micos y evitar las horas con tarifas m\u00e1s elevadas.\u00a0<\/span><\/p>\n<p><span style=\"font-weight: 400;\">En este art\u00edculo, analizaremos el precio luz para este domingo, identificaremos las franjas horarias m\u00e1s baratas y ofreceremos consejos pr\u00e1cticos para ahorrar en la factura el\u00e9ctrica.<\/span><\/p>\n<table>\n<tbody>\n<tr>\n<td><b>Descubre: <\/b><a title=\"alquiler barato en Espa\u00f1a\" href=\"https:\/\/www.seguros-impagoalquiler.es\/blog\/alquiler-barato-en\/02\/2025\/\" target=\"_blank\" rel=\"noopener\"><b>Consejos para conseguir un alquiler barato en Espa\u00f1a<\/b><\/a><\/td>\n<\/tr>\n<\/tbody>\n<\/table>\n<div id=\"ez-toc-container\" class=\"ez-toc-v2_0_82_2 counter-hierarchy ez-toc-counter ez-toc-grey ez-toc-container-direction\">\n<div class=\"ez-toc-title-container\">\n<p class=\"ez-toc-title\" style=\"cursor:inherit\">Table of Contents<\/p>\n<span class=\"ez-toc-title-toggle\"><a href=\"#\" class=\"ez-toc-pull-right ez-toc-btn ez-toc-btn-xs ez-toc-btn-default ez-toc-toggle\" aria-label=\"Alternar tabla de contenidos\"><span class=\"ez-toc-js-icon-con\"><span class=\"\"><span class=\"eztoc-hide\" style=\"display:none;\">Toggle<\/span><span class=\"ez-toc-icon-toggle-span\"><svg style=\"fill: #999;color:#999\" xmlns=\"http:\/\/www.w3.org\/2000\/svg\" class=\"list-377408\" width=\"20px\" height=\"20px\" viewBox=\"0 0 24 24\" fill=\"none\"><path d=\"M6 6H4v2h2V6zm14 0H8v2h12V6zM4 11h2v2H4v-2zm16 0H8v2h12v-2zM4 16h2v2H4v-2zm16 0H8v2h12v-2z\" fill=\"currentColor\"><\/path><\/svg><svg style=\"fill: #999;color:#999\" class=\"arrow-unsorted-368013\" xmlns=\"http:\/\/www.w3.org\/2000\/svg\" width=\"10px\" height=\"10px\" viewBox=\"0 0 24 24\" version=\"1.2\" baseProfile=\"tiny\"><path d=\"M18.2 9.3l-6.2-6.3-6.2 6.3c-.2.2-.3.4-.3.7s.1.5.3.7c.2.2.4.3.7.3h11c.3 0 .5-.1.7-.3.2-.2.3-.5.3-.7s-.1-.5-.3-.7zM5.8 14.7l6.2 6.3 6.2-6.3c.2-.2.3-.5.3-.7s-.1-.5-.3-.7c-.2-.2-.4-.3-.7-.3h-11c-.3 0-.5.1-.7.3-.2.2-.3.5-.3.7s.1.5.3.7z\"\/><\/svg><\/span><\/span><\/span><\/a><\/span><\/div>\n<nav><ul class='ez-toc-list ez-toc-list-level-1 ' ><li class='ez-toc-page-1 ez-toc-heading-level-2'><a class=\"ez-toc-link ez-toc-heading-1\" href=\"https:\/\/www.seguros-impagoalquiler.es\/blog\/precio-luz-domingo\/02\/2025\/#%C2%BFCual_es_el_precio_luz_este_domingo\" >\u00bfCu\u00e1l es el precio luz este domingo?<\/a><\/li><li class='ez-toc-page-1 ez-toc-heading-level-2'><a class=\"ez-toc-link ez-toc-heading-2\" href=\"https:\/\/www.seguros-impagoalquiler.es\/blog\/precio-luz-domingo\/02\/2025\/#%C2%BFCuales_son_las_horas_mas_baratas_de_la_luz\" >\u00bfCu\u00e1les son las horas m\u00e1s baratas de la luz?<\/a><ul class='ez-toc-list-level-3' ><li class='ez-toc-heading-level-3'><a class=\"ez-toc-link ez-toc-heading-3\" href=\"https:\/\/www.seguros-impagoalquiler.es\/blog\/precio-luz-domingo\/02\/2025\/#%C2%BFCuales_son_las_horas_mas_caras_de_la_luz\" >\u00bfCu\u00e1les son las horas m\u00e1s caras de la luz?<\/a><\/li><li class='ez-toc-page-1 ez-toc-heading-level-3'><a class=\"ez-toc-link ez-toc-heading-4\" href=\"https:\/\/www.seguros-impagoalquiler.es\/blog\/precio-luz-domingo\/02\/2025\/#Tips_para_ahorrar_electricidad\" >Tips para ahorrar electricidad<\/a><\/li><\/ul><\/li><\/ul><\/nav><\/div>\n<h2><span class=\"ez-toc-section\" id=\"%C2%BFCual_es_el_precio_luz_este_domingo\"><\/span><span style=\"color: #ff6600;\"><b>\u00bfCu\u00e1l es el precio luz este domingo?<\/b><\/span><span class=\"ez-toc-section-end\"><\/span><\/h2>\n<p><span style=\"font-weight: 400;\">Para este domingo 16 de febrero de 2025, <\/span><b>el precio medio de la electricidad se ha situado en 88,22 euros por megavatio hora (MWh)<\/b><span style=\"font-weight: 400;\">, representando una reducci\u00f3n de 2,21 euros con respecto al d\u00eda anterior.\u00a0<\/span><\/p>\n<p><span style=\"font-weight: 400;\">Aunque el descenso es leve, es una oportunidad para que los consumidores ajusten su uso de energ\u00eda en las franjas m\u00e1s econ\u00f3micas.<\/span><\/p>\n<p><span style=\"font-weight: 400;\">No obstante, la variabilidad de precios a lo largo del d\u00eda es considerable. <\/span><b>La tarifa m\u00e1s elevada alcanzar\u00e1 los 161,56 euros por MWh<\/b><span style=\"font-weight: 400;\"> en la franja de 19:00 a 20:00, mientras que la m\u00e1s baja se registrar\u00e1 entre las 15:00 y las 16:00 con un costo de solo 12 euros por MWh.<\/span><\/p>\n<table>\n<tbody>\n<tr>\n<td><b>Descubre: <\/b><a title=\"Bono Alquiler Joven Andaluc\u00eda\" href=\"https:\/\/www.seguros-impagoalquiler.es\/blog\/bono-alquiler-joven\/01\/2025\/\" target=\"_blank\" rel=\"noopener\"><b>As\u00ed es el Bono Alquiler Joven Andaluc\u00eda de 250 euros<\/b><\/a><\/td>\n<\/tr>\n<\/tbody>\n<\/table>\n<h2><span class=\"ez-toc-section\" id=\"%C2%BFCuales_son_las_horas_mas_baratas_de_la_luz\"><\/span><span style=\"color: #ff6600;\"><b>\u00bfCu\u00e1les son las horas m\u00e1s baratas de la luz?<\/b><\/span><span class=\"ez-toc-section-end\"><\/span><\/h2>\n<p><span style=\"font-weight: 400;\">Aprovechar las horas con menor precio luz es clave para optimizar el gasto en electricidad. Durante este domingo, los momentos m\u00e1s econ\u00f3micos para el consumo energ\u00e9tico ser\u00e1n:<\/span><\/p>\n<ul>\n<li style=\"font-weight: 400;\" aria-level=\"1\"><b>13:00 &#8211; 14:00:<\/b><span style=\"font-weight: 400;\"> 33,9 \u20ac\/MWh<\/span><\/li>\n<li style=\"font-weight: 400;\" aria-level=\"1\"><b>14:00 &#8211; 15:00:<\/b><span style=\"font-weight: 400;\"> 20 \u20ac\/MWh<\/span><\/li>\n<li style=\"font-weight: 400;\" aria-level=\"1\"><b>15:00 &#8211; 16:00:<\/b><span style=\"font-weight: 400;\"> 12 \u20ac\/MWh (la m\u00e1s barata)<\/span><\/li>\n<li style=\"font-weight: 400;\" aria-level=\"1\"><b>16:00 &#8211; 17:00:<\/b><span style=\"font-weight: 400;\"> 40,3 \u20ac\/MWh<\/span><\/li>\n<\/ul>\n<p><span style=\"font-weight: 400;\">Estas franjas horarias representan la mejor opci\u00f3n para realizar actividades de alto consumo energ\u00e9tico, como el uso de electrodom\u00e9sticos grandes o la carga de dispositivos el\u00e9ctricos.\u00a0<\/span><\/p>\n<p><span style=\"font-weight: 400;\">Planificar el uso en estos horarios puede generar un ahorro considerable en la factura mensual.<\/span><\/p>\n<table style=\"width: 100%;\">\n<tbody>\n<tr>\n<td style=\"width: 100%;\">\n<p style=\"text-align: center;\"><b>\u00a1SELECCIONA EL MEJOR SEGURO PARA TU RESPALDO Y TRANQUILIDAD! USA EL <\/b><a title=\"COMPARADOR DE SEGUROS DE IMPAGO DE ALQUILER DE VIVIENDAS\" href=\"https:\/\/www.seguros-generales.es\/seguros-alquiler-viviendas.html\" target=\"_blank\" rel=\"noopener\"><b>COMPARADOR DE SEGUROS DE IMPAGO DE ALQUILER DE VIVIENDAS<\/b><\/a><b> GRATIS Y APROVECHA LAS OFERTAS.\u00a0<\/b><\/p>\n<\/td>\n<\/tr>\n<\/tbody>\n<\/table>\n<h3><span class=\"ez-toc-section\" id=\"%C2%BFCuales_son_las_horas_mas_caras_de_la_luz\"><\/span><span style=\"color: #ff6600;\"><b>\u00bfCu\u00e1les son las horas m\u00e1s caras de la luz?<\/b><\/span><span class=\"ez-toc-section-end\"><\/span><\/h3>\n<p><span style=\"font-weight: 400;\">Por otro lado, existen per\u00edodos donde el precio luz se dispara, y es recomendable reducir el consumo durante estos intervalos:<\/span><\/p>\n<ul>\n<li style=\"font-weight: 400;\" aria-level=\"1\"><b>19:00 &#8211; 20:00:<\/b><span style=\"font-weight: 400;\"> 161,56 \u20ac\/MWh (la m\u00e1s cara del d\u00eda)<\/span><\/li>\n<li style=\"font-weight: 400;\" aria-level=\"1\"><b>20:00 &#8211; 21:00:<\/b><span style=\"font-weight: 400;\"> 154,95 \u20ac\/MWh<\/span><\/li>\n<li style=\"font-weight: 400;\" aria-level=\"1\"><b>21:00 &#8211; 22:00:<\/b><span style=\"font-weight: 400;\"> 138,77 \u20ac\/MWh<\/span><\/li>\n<li style=\"font-weight: 400;\" aria-level=\"1\"><b>22:00 &#8211; 23:00:<\/b><span style=\"font-weight: 400;\"> 131,51 \u20ac\/MWh<\/span><\/li>\n<\/ul>\n<p><span style=\"font-weight: 400;\">El consumo energ\u00e9tico en estas horas suele aumentar debido a la actividad nocturna en los hogares. Iluminaci\u00f3n, electrodom\u00e9sticos y calefacci\u00f3n suelen coincidir en su uso, lo que incrementa la demanda y, por ende, el costo de la electricidad.<\/span><\/p>\n<h3><span class=\"ez-toc-section\" id=\"Tips_para_ahorrar_electricidad\"><\/span><span style=\"color: #ff6600;\"><b>Tips para ahorrar electricidad<\/b><\/span><span class=\"ez-toc-section-end\"><\/span><\/h3>\n<p><span style=\"font-weight: 400;\">Reducir el impacto del precio luz en el presupuesto familiar es posible con algunas estrategias sencillas:<\/span><\/p>\n<ol>\n<li style=\"font-weight: 400;\" aria-level=\"1\"><b>Aprovecha las tarifas m\u00e1s bajas:<\/b><span style=\"font-weight: 400;\"> Programa el uso de lavadoras, lavavajillas y hornos en las franjas horarias m\u00e1s econ\u00f3micas.<\/span><\/li>\n<li style=\"font-weight: 400;\" aria-level=\"1\"><b>Utiliza bombillas LED:<\/b><span style=\"font-weight: 400;\"> Consumen menos energ\u00eda y tienen una vida \u00fatil m\u00e1s larga que las bombillas tradicionales.<\/span><\/li>\n<li style=\"font-weight: 400;\" aria-level=\"1\"><b>Desenchufa los aparatos en stand-by:<\/b><span style=\"font-weight: 400;\"> Los dispositivos electr\u00f3nicos contin\u00faan consumiendo energ\u00eda cuando est\u00e1n apagados pero enchufados.<\/span><\/li>\n<li style=\"font-weight: 400;\" aria-level=\"1\"><b>A\u00edsla tu hogar:<\/b><span style=\"font-weight: 400;\"> Mejorar el aislamiento de puertas y ventanas reduce la necesidad de calefacci\u00f3n y aire acondicionado.<\/span><\/li>\n<li style=\"font-weight: 400;\" aria-level=\"1\"><b>Opta por electrodom\u00e9sticos eficientes:<\/b><span style=\"font-weight: 400;\"> Los equipos con clasificaci\u00f3n energ\u00e9tica A++ o superior consumen menos electricidad.<\/span><\/li>\n<\/ol>\n","protected":false},"excerpt":{"rendered":"<p>El precio luz sigue siendo un tema de gran inter\u00e9s para los consumidores, ya que fluct\u00faa constantemente y puede impactar significativamente en la econom\u00eda familiar.\u00a0 Este domingo 16 de febrero, las tarifas han experimentado una leve reducci\u00f3n con respecto al d\u00eda anterior, una noticia que, aunque modesta, representa un alivio para muchos hogares.\u00a0 Sin embargo, [&hellip;]<\/p>\n","protected":false},"author":3,"featured_media":1199,"comment_status":"open","ping_status":"open","sticky":false,"template":"","format":"standard","meta":{"_et_pb_use_builder":"","_et_pb_old_content":"","_et_gb_content_width":"","footnotes":""},"categories":[4],"tags":[776,780,778,779,777],"class_list":["post-1198","post","type-post","status-publish","format-standard","has-post-thumbnail","hentry","category-noticia","tag-precio-luz","tag-precio-luz-barato","tag-precio-luz-domingo","tag-precio-luz-febrero","tag-precio-luz-hoy"],"_links":{"self":[{"href":"https:\/\/www.seguros-impagoalquiler.es\/blog\/wp-json\/wp\/v2\/posts\/1198","targetHints":{"allow":["GET"]}}],"collection":[{"href":"https:\/\/www.seguros-impagoalquiler.es\/blog\/wp-json\/wp\/v2\/posts"}],"about":[{"href":"https:\/\/www.seguros-impagoalquiler.es\/blog\/wp-json\/wp\/v2\/types\/post"}],"author":[{"embeddable":true,"href":"https:\/\/www.seguros-impagoalquiler.es\/blog\/wp-json\/wp\/v2\/users\/3"}],"replies":[{"embeddable":true,"href":"https:\/\/www.seguros-impagoalquiler.es\/blog\/wp-json\/wp\/v2\/comments?post=1198"}],"version-history":[{"count":1,"href":"https:\/\/www.seguros-impagoalquiler.es\/blog\/wp-json\/wp\/v2\/posts\/1198\/revisions"}],"predecessor-version":[{"id":1200,"href":"https:\/\/www.seguros-impagoalquiler.es\/blog\/wp-json\/wp\/v2\/posts\/1198\/revisions\/1200"}],"wp:featuredmedia":[{"embeddable":true,"href":"https:\/\/www.seguros-impagoalquiler.es\/blog\/wp-json\/wp\/v2\/media\/1199"}],"wp:attachment":[{"href":"https:\/\/www.seguros-impagoalquiler.es\/blog\/wp-json\/wp\/v2\/media?parent=1198"}],"wp:term":[{"taxonomy":"category","embeddable":true,"href":"https:\/\/www.seguros-impagoalquiler.es\/blog\/wp-json\/wp\/v2\/categories?post=1198"},{"taxonomy":"post_tag","embeddable":true,"href":"https:\/\/www.seguros-impagoalquiler.es\/blog\/wp-json\/wp\/v2\/tags?post=1198"}],"curies":[{"name":"wp","href":"https:\/\/api.w.org\/{rel}","templated":true}]}}