{"id":1175,"date":"2024-11-18T02:23:38","date_gmt":"2024-11-18T02:23:38","guid":{"rendered":"https:\/\/www.seguros-impagoalquiler.es\/blog\/?p=1175"},"modified":"2024-11-18T02:25:57","modified_gmt":"2024-11-18T02:25:57","slug":"desalojo-okupas-bilud","status":"publish","type":"post","link":"https:\/\/www.seguros-impagoalquiler.es\/blog\/desalojo-okupas-bilud\/11\/2024\/","title":{"rendered":"Esta fue la respuesta sobre desalojo okupas Bilud"},"content":{"rendered":"<p><span style=\"font-weight: 400;\">En Espa\u00f1a la situaci\u00f3n con el <\/span><b>desalojo okupas Bilud<\/b><span style=\"font-weight: 400;\"> expresado en el congreso ha sido un tema de conversaci\u00f3n y de polemica. Pues b\u00e1sicamente se plante\u00f3 reformar una ley para agilizar el desalojo de los okupas.\u00a0<\/span><\/p>\n<p><span style=\"font-weight: 400;\">Seg\u00fan informaci\u00f3n extraoficial los independentistas vascos y catalanes tratar\u00e1n de que esta formulaci\u00f3n no tenga lugar. Sin embargo, esto es sumamente complicado porque <\/span><b>no son un grupo que represente una mayor\u00eda.<\/b><\/p>\n<p><span style=\"font-weight: 400;\">El tema del desalojo okupas Bilud tiene lugar gracias al planteamiento de reformar el <\/span><b>art\u00edculo 795.1 de la ley de Enjuiciamiento Criminal,<\/b><span style=\"font-weight: 400;\"> un recurso que podr\u00eda mejorar la resoluci\u00f3n en cuanto a los delitos de usurpaci\u00f3n de morada expresados en el art\u00edculo 245 del C\u00f3digo Penal.<\/span><\/p>\n<table>\n<tbody>\n<tr>\n<td><b>Descubre: <\/b><a title=\"Inmobiliaria Brit\u00e1nica\" href=\"https:\/\/www.seguros-impagoalquiler.es\/blog\/amancio-ortega\/11\/2024\/\" target=\"_blank\" rel=\"noopener\"><b>Amancio Ortega enfrenta aprietos con Inmobiliaria Brit\u00e1nica<\/b><\/a><\/td>\n<\/tr>\n<\/tbody>\n<\/table>\n<h2><\/h2>\n<div id=\"ez-toc-container\" class=\"ez-toc-v2_0_82_2 counter-hierarchy ez-toc-counter ez-toc-grey ez-toc-container-direction\">\n<div class=\"ez-toc-title-container\">\n<p class=\"ez-toc-title\" style=\"cursor:inherit\">Table of Contents<\/p>\n<span class=\"ez-toc-title-toggle\"><a href=\"#\" class=\"ez-toc-pull-right ez-toc-btn ez-toc-btn-xs ez-toc-btn-default ez-toc-toggle\" aria-label=\"Alternar tabla de contenidos\"><span class=\"ez-toc-js-icon-con\"><span class=\"\"><span class=\"eztoc-hide\" style=\"display:none;\">Toggle<\/span><span class=\"ez-toc-icon-toggle-span\"><svg style=\"fill: #999;color:#999\" xmlns=\"http:\/\/www.w3.org\/2000\/svg\" class=\"list-377408\" width=\"20px\" height=\"20px\" viewBox=\"0 0 24 24\" fill=\"none\"><path d=\"M6 6H4v2h2V6zm14 0H8v2h12V6zM4 11h2v2H4v-2zm16 0H8v2h12v-2zM4 16h2v2H4v-2zm16 0H8v2h12v-2z\" fill=\"currentColor\"><\/path><\/svg><svg style=\"fill: #999;color:#999\" class=\"arrow-unsorted-368013\" xmlns=\"http:\/\/www.w3.org\/2000\/svg\" width=\"10px\" height=\"10px\" viewBox=\"0 0 24 24\" version=\"1.2\" baseProfile=\"tiny\"><path d=\"M18.2 9.3l-6.2-6.3-6.2 6.3c-.2.2-.3.4-.3.7s.1.5.3.7c.2.2.4.3.7.3h11c.3 0 .5-.1.7-.3.2-.2.3-.5.3-.7s-.1-.5-.3-.7zM5.8 14.7l6.2 6.3 6.2-6.3c.2-.2.3-.5.3-.7s-.1-.5-.3-.7c-.2-.2-.4-.3-.7-.3h-11c-.3 0-.5.1-.7.3-.2.2-.3.5-.3.7s.1.5.3.7z\"\/><\/svg><\/span><\/span><\/span><\/a><\/span><\/div>\n<nav><ul class='ez-toc-list ez-toc-list-level-1 ' ><li class='ez-toc-page-1 ez-toc-heading-level-2'><a class=\"ez-toc-link ez-toc-heading-1\" href=\"https:\/\/www.seguros-impagoalquiler.es\/blog\/desalojo-okupas-bilud\/11\/2024\/#%C2%BFComo_fue_el_argumento_de_desalojo_okupas_Bilud\" >\u00bfC\u00f3mo fue el argumento de desalojo okupas Bilud?<\/a><ul class='ez-toc-list-level-3' ><li class='ez-toc-heading-level-3'><a class=\"ez-toc-link ez-toc-heading-2\" href=\"https:\/\/www.seguros-impagoalquiler.es\/blog\/desalojo-okupas-bilud\/11\/2024\/#%C2%BFLa_resolucion_del_desalojo_okupas_Bilud_tiene_solucion\" >\u00bfLa resoluci\u00f3n del desalojo okupas Bilud tiene soluci\u00f3n?<\/a><\/li><\/ul><\/li><li class='ez-toc-page-1 ez-toc-heading-level-2'><a class=\"ez-toc-link ez-toc-heading-3\" href=\"https:\/\/www.seguros-impagoalquiler.es\/blog\/desalojo-okupas-bilud\/11\/2024\/#La_situacion_inmobiliaria_ante_la_crisis_okupa\" >La situaci\u00f3n inmobiliaria ante la crisis okupa<\/a><\/li><\/ul><\/nav><\/div>\n<h2><span class=\"ez-toc-section\" id=\"%C2%BFComo_fue_el_argumento_de_desalojo_okupas_Bilud\"><\/span><span style=\"color: #ff6600;\"><b>\u00bfC\u00f3mo fue el argumento de desalojo okupas Bilud?<\/b><\/span><span class=\"ez-toc-section-end\"><\/span><\/h2>\n<p><span style=\"font-weight: 400;\">Algunos incluso se han referido a esto como un error de parte de EH Bildu y ERC quienes en el <\/span><b>Congreso de los Diputados<\/b><span style=\"font-weight: 400;\"> plantearon un tema que actualmente est\u00e1 en tendencia. Gracias a la reformaci\u00f3n de la ley la posibilidad de establecer juicios r\u00e1pidos es m\u00e1s latente.<\/span><\/p>\n<p><span style=\"font-weight: 400;\">Adem\u00e1s, esto busca agilizar la resoluci\u00f3n y los desahucios, para que el amparo de la ley ante la situaci\u00f3n de los okupas <\/span><b>pueda tener un manejo jur\u00eddico<\/b><span style=\"font-weight: 400;\"> como muchas personas lo han planteado.\u00a0<\/span><\/p>\n<p><span style=\"font-weight: 400;\">La participaci\u00f3n del PNV fue clave al respecto, quienes dieron como sugerencia este cambio legal a trav\u00e9s de una enmienda que es parte del cronograma de la Ley de Eficiencia del Servicio P\u00fablico de la Justicia. Cabe destacar que <\/span><b>dicha ley fue aprobada en Pleno del Congreso con apoyo del gobierno.<\/b><\/p>\n<table>\n<tbody>\n<tr>\n<td>\n<p style=\"text-align: center;\"><b>\u00bfInteresado en conseguir el m\u00e1ximo respaldo y comodidad? Usa gratis el <\/b><a title=\"comparador de seguros de alquiler de viviendas\" href=\"https:\/\/www.seguros-generales.es\/seguros-alquiler-viviendas.html\" target=\"_blank\" rel=\"noopener\"><b>comparador de seguros de alquiler de viviendas<\/b><\/a><b> y descubre los mejores precios en p\u00f3lizas.<\/b><\/p>\n<\/td>\n<\/tr>\n<\/tbody>\n<\/table>\n<h3><\/h3>\n<h3><span class=\"ez-toc-section\" id=\"%C2%BFLa_resolucion_del_desalojo_okupas_Bilud_tiene_solucion\"><\/span><span style=\"color: #ff6600;\"><b>\u00bfLa resoluci\u00f3n del desalojo okupas Bilud tiene soluci\u00f3n?<\/b><\/span><span class=\"ez-toc-section-end\"><\/span><\/h3>\n<p><span style=\"font-weight: 400;\">En Espa\u00f1a el aumento de los okupas ha sido considerable en los \u00faltimos a\u00f1os, esto tambi\u00e9n ha dado paso a numerosos debates. Algunos consideran que se trata de una <\/span><b>situaci\u00f3n incentivada por la crisis inmobiliaria.<\/b><\/p>\n<p><span style=\"font-weight: 400;\">Sin embargo, la situaci\u00f3n para los propietarios es complicada, quienes constantemente han solicitado al Gobierno <\/span><b>analizar la situaci\u00f3n con detenimiento y proveer soluciones.<\/b><span style=\"font-weight: 400;\"> Ahora tanto ERC como Bildu votaron a favor de una ley que busca facilitar los juicios express.<\/span><\/p>\n<p><span style=\"font-weight: 400;\">La <\/span><b>Ley de Eficiencia de la Justicia<\/b><span style=\"font-weight: 400;\"> ya tom\u00f3 nota de la modificaci\u00f3n, actualmente esto ser\u00e1 remitido al Senado. Adem\u00e1s esto cuenta con una votaci\u00f3n de la mayor\u00eda absoluta por lo que se dificulta que pueda ser algo revocado.<\/span><\/p>\n<p><span style=\"font-weight: 400;\">\u201cCon este mensaje no pretendemos ni justificar ni excusar nuestro error, sino reafirmarnos en el compromiso con lo defendido en materia de vivienda todos estos a\u00f1os. Seguiremos trabajando en ese camino\u00bb.<\/span><\/p>\n<p><a href=\"https:\/\/www.seguros-generales.es\/seguros-alquiler-viviendas.html\" target=\"_blank\" rel=\"noopener\"><img loading=\"lazy\" decoding=\"async\" class=\"aligncenter wp-image-1145 size-full\" title=\"Comparador de seguros de alquiler de viviendas\" src=\"https:\/\/www.seguros-impagoalquiler.es\/blog\/wp-content\/uploads\/2024\/08\/HOGAR.png\" alt=\"Comparador de seguros de alquiler de viviendas\" width=\"600\" height=\"200\" srcset=\"https:\/\/www.seguros-impagoalquiler.es\/blog\/wp-content\/uploads\/2024\/08\/HOGAR.png 600w, https:\/\/www.seguros-impagoalquiler.es\/blog\/wp-content\/uploads\/2024\/08\/HOGAR-480x160.png 480w\" sizes=\"(min-width: 0px) and (max-width: 480px) 480px, (min-width: 481px) 600px, 100vw\" \/><\/a><\/p>\n<h2><span class=\"ez-toc-section\" id=\"La_situacion_inmobiliaria_ante_la_crisis_okupa\"><\/span><span style=\"color: #ff6600;\"><b>La situaci\u00f3n inmobiliaria ante la crisis okupa<\/b><\/span><span class=\"ez-toc-section-end\"><\/span><\/h2>\n<p><span style=\"font-weight: 400;\">La situaci\u00f3n de la invasi\u00f3n de la morada ha ido escalando en Espa\u00f1a de forma considerable, incluso hay algunos estudios post pandemia que muestran que <\/span><b>esto increment\u00f3 posteriormente a este evento mundial.<\/b><\/p>\n<p><span style=\"font-weight: 400;\">La situaci\u00f3n del <\/span><b>desalojo okupas Bilud <\/b><span style=\"font-weight: 400;\">ha sido de numerosos debates en la actualidad. Algunos consideran que es una gran oportunidad por el beneficio que representa para los propietarios, otros consideran que pone en severos aprietos a los okupas.<\/span><\/p>\n<p><span style=\"font-weight: 400;\">Sin duda, es un hecho que deja entrever una crisis considerable y es importante dar continuidad a este tema para estimar c\u00f3mo se manejar\u00e1 posteriormente. Los comentarios siguen estando polarizados.\u00a0<\/span><\/p>\n","protected":false},"excerpt":{"rendered":"<p>En Espa\u00f1a la situaci\u00f3n con el desalojo okupas Bilud expresado en el congreso ha sido un tema de conversaci\u00f3n y de polemica. Pues b\u00e1sicamente se plante\u00f3 reformar una ley para agilizar el desalojo de los okupas.\u00a0 Seg\u00fan informaci\u00f3n extraoficial los independentistas vascos y catalanes tratar\u00e1n de que esta formulaci\u00f3n no tenga lugar. Sin embargo, esto [&hellip;]<\/p>\n","protected":false},"author":3,"featured_media":1176,"comment_status":"open","ping_status":"open","sticky":false,"template":"","format":"standard","meta":{"_et_pb_use_builder":"","_et_pb_old_content":"","_et_gb_content_width":"","footnotes":""},"categories":[4],"tags":[756,758,757,759,760],"class_list":["post-1175","post","type-post","status-publish","format-standard","has-post-thumbnail","hentry","category-noticia","tag-desalojo-okupas-bilud","tag-desalojo-okupas-bilud-congreso","tag-desalojo-okupas-bilud-noticias","tag-okupas-espana","tag-que-hacer-ante-un-okupa"],"_links":{"self":[{"href":"https:\/\/www.seguros-impagoalquiler.es\/blog\/wp-json\/wp\/v2\/posts\/1175","targetHints":{"allow":["GET"]}}],"collection":[{"href":"https:\/\/www.seguros-impagoalquiler.es\/blog\/wp-json\/wp\/v2\/posts"}],"about":[{"href":"https:\/\/www.seguros-impagoalquiler.es\/blog\/wp-json\/wp\/v2\/types\/post"}],"author":[{"embeddable":true,"href":"https:\/\/www.seguros-impagoalquiler.es\/blog\/wp-json\/wp\/v2\/users\/3"}],"replies":[{"embeddable":true,"href":"https:\/\/www.seguros-impagoalquiler.es\/blog\/wp-json\/wp\/v2\/comments?post=1175"}],"version-history":[{"count":2,"href":"https:\/\/www.seguros-impagoalquiler.es\/blog\/wp-json\/wp\/v2\/posts\/1175\/revisions"}],"predecessor-version":[{"id":1178,"href":"https:\/\/www.seguros-impagoalquiler.es\/blog\/wp-json\/wp\/v2\/posts\/1175\/revisions\/1178"}],"wp:featuredmedia":[{"embeddable":true,"href":"https:\/\/www.seguros-impagoalquiler.es\/blog\/wp-json\/wp\/v2\/media\/1176"}],"wp:attachment":[{"href":"https:\/\/www.seguros-impagoalquiler.es\/blog\/wp-json\/wp\/v2\/media?parent=1175"}],"wp:term":[{"taxonomy":"category","embeddable":true,"href":"https:\/\/www.seguros-impagoalquiler.es\/blog\/wp-json\/wp\/v2\/categories?post=1175"},{"taxonomy":"post_tag","embeddable":true,"href":"https:\/\/www.seguros-impagoalquiler.es\/blog\/wp-json\/wp\/v2\/tags?post=1175"}],"curies":[{"name":"wp","href":"https:\/\/api.w.org\/{rel}","templated":true}]}}