{"id":1107,"date":"2024-03-21T23:52:42","date_gmt":"2024-03-21T23:52:42","guid":{"rendered":"https:\/\/www.seguros-impagoalquiler.es\/blog\/?p=1107"},"modified":"2024-03-21T23:52:42","modified_gmt":"2024-03-21T23:52:42","slug":"peugeot-5008","status":"publish","type":"post","link":"https:\/\/www.seguros-impagoalquiler.es\/blog\/peugeot-5008\/03\/2024\/","title":{"rendered":"Peugeot 5008: El veh\u00edculo que deja sin aliento a los usuarios"},"content":{"rendered":"<p><span style=\"font-weight: 400;\">\u00bfTe imaginas un coche que combine a la perfecci\u00f3n la tendencia ecol\u00f3gica con la tecnolog\u00eda? Pues <\/span><b>se trata del nuevo Peugeot 5008<\/b><span style=\"font-weight: 400;\">, un impresionante SUV de siete plazas con unas integraciones fascinantes para aumentar la comodidad.\u00a0<\/span><\/p>\n<p><span style=\"font-weight: 400;\">La marca ya ha dado a conocer que estar\u00e1 disponible en dos modelos en donde la diferencia son los niveles de acabado, Allure y GT. Aunque ya se sabe que en ambas presentaciones contar\u00e1 con un total de siete plazas, ideal para familias numerosas.\u00a0<\/span><\/p>\n<p><span style=\"font-weight: 400;\">Si est\u00e1s pensando en cambiar de coche para pasar a uno m\u00e1s <\/span><b>actualizado y con etiqueta ECO<\/b><span style=\"font-weight: 400;\">, perm\u00edteme contarte acerca de las impresionantes innovaciones del Peugeot 5008, sus caracter\u00edsticas t\u00e9cnicas, ventajas competitivas y estimaci\u00f3n de precio.\u00a0<\/span><\/p>\n<p><b>Post en tendencia: <\/b><a title=\"WcDonald\u2019s\" href=\"https:\/\/www.seguros-impagoalquiler.es\/blog\/wcdonalds-mcdonalds\/03\/2024\/\" target=\"_blank\" rel=\"noopener\"><b>WcDonald\u2019s | INS\u00d3LITO Mcdonald\u2019s cambia su nombre en 2024<\/b><\/a><\/p>\n<p>&nbsp;<\/p>\n<div id=\"ez-toc-container\" class=\"ez-toc-v2_0_82_2 counter-hierarchy ez-toc-counter ez-toc-grey ez-toc-container-direction\">\n<div class=\"ez-toc-title-container\">\n<p class=\"ez-toc-title\" style=\"cursor:inherit\">Table of Contents<\/p>\n<span class=\"ez-toc-title-toggle\"><a href=\"#\" class=\"ez-toc-pull-right ez-toc-btn ez-toc-btn-xs ez-toc-btn-default ez-toc-toggle\" aria-label=\"Alternar tabla de contenidos\"><span class=\"ez-toc-js-icon-con\"><span class=\"\"><span class=\"eztoc-hide\" style=\"display:none;\">Toggle<\/span><span class=\"ez-toc-icon-toggle-span\"><svg style=\"fill: #999;color:#999\" xmlns=\"http:\/\/www.w3.org\/2000\/svg\" class=\"list-377408\" width=\"20px\" height=\"20px\" viewBox=\"0 0 24 24\" fill=\"none\"><path d=\"M6 6H4v2h2V6zm14 0H8v2h12V6zM4 11h2v2H4v-2zm16 0H8v2h12v-2zM4 16h2v2H4v-2zm16 0H8v2h12v-2z\" fill=\"currentColor\"><\/path><\/svg><svg style=\"fill: #999;color:#999\" class=\"arrow-unsorted-368013\" xmlns=\"http:\/\/www.w3.org\/2000\/svg\" width=\"10px\" height=\"10px\" viewBox=\"0 0 24 24\" version=\"1.2\" baseProfile=\"tiny\"><path d=\"M18.2 9.3l-6.2-6.3-6.2 6.3c-.2.2-.3.4-.3.7s.1.5.3.7c.2.2.4.3.7.3h11c.3 0 .5-.1.7-.3.2-.2.3-.5.3-.7s-.1-.5-.3-.7zM5.8 14.7l6.2 6.3 6.2-6.3c.2-.2.3-.5.3-.7s-.1-.5-.3-.7c-.2-.2-.4-.3-.7-.3h-11c-.3 0-.5.1-.7.3-.2.2-.3.5-.3.7s.1.5.3.7z\"\/><\/svg><\/span><\/span><\/span><\/a><\/span><\/div>\n<nav><ul class='ez-toc-list ez-toc-list-level-1 ' ><li class='ez-toc-page-1 ez-toc-heading-level-2'><a class=\"ez-toc-link ez-toc-heading-1\" href=\"https:\/\/www.seguros-impagoalquiler.es\/blog\/peugeot-5008\/03\/2024\/#%C2%BFCuales_son_las_caracteristicas_del_nuevo_Peugeot_5008\" >\u00bfCu\u00e1les son las caracter\u00edsticas del nuevo Peugeot 5008?<\/a><\/li><li class='ez-toc-page-1 ez-toc-heading-level-2'><a class=\"ez-toc-link ez-toc-heading-2\" href=\"https:\/\/www.seguros-impagoalquiler.es\/blog\/peugeot-5008\/03\/2024\/#Peugeot_lanza_el_mercado_nuevos_modelos_de_vehiculos_electricos\" >Peugeot lanza el mercado nuevos modelos de veh\u00edculos el\u00e9ctricos\u00a0<\/a><\/li><\/ul><\/nav><\/div>\n<h2><span class=\"ez-toc-section\" id=\"%C2%BFCuales_son_las_caracteristicas_del_nuevo_Peugeot_5008\"><\/span><span style=\"color: #ff6600;\"><b>\u00bfCu\u00e1les son las caracter\u00edsticas del nuevo Peugeot 5008?<\/b><\/span><span class=\"ez-toc-section-end\"><\/span><\/h2>\n<p><span style=\"font-weight: 400;\">La caracter\u00edstica m\u00e1s distintiva de este nuevo coche de siete plazas es que ser\u00e1 <\/span><b>propulsado de manera 100% con energ\u00eda el\u00e9ctric<\/b><span style=\"font-weight: 400;\">a, esto forma parte de una de las medidas para impulsar una gama de veh\u00edculos que ayuden a disminuir la emisi\u00f3n de gases contaminantes.\u00a0<\/span><\/p>\n<p><span style=\"font-weight: 400;\">Tambi\u00e9n se sabe que este nuevo veh\u00edculo estar\u00e1 en el mercado en oto\u00f1o de este a\u00f1o, aunque se comenzar\u00e1 a producir y a distribuir en la planta de la compa\u00f1\u00eda ubicada en Francia. Tanto en su dise\u00f1o como en algunos aspectos t\u00e9cnicos <\/span><b>ha tomado base del nuevo E-3008.\u00a0<\/b><\/p>\n<p><span style=\"font-weight: 400;\">En cuanto a otras caracter\u00edsticas t\u00e9cnicas importantes est\u00e1 su dimensi\u00f3n, se trata de un veh\u00edculo robusto con 4.79 metros de largo, 1.89 metros de ancho y 1.69 metros de alto. Tiene un aspecto bastante familiar y sobra decir lo espacioso que es.\u00a0<\/span><\/p>\n<table style=\"width: 100.185%; height: 59px;\">\n<tbody>\n<tr>\n<td>\n<p style=\"text-align: center;\"><b>Usa el <\/b><a title=\"comparador de seguros de coches\" href=\"https:\/\/www.seguros-generales.es\/seguros-coche.html\" target=\"_blank\" rel=\"noopener\"><b>comparador de seguros de coches <\/b><\/a><b>y elige el mejor seguro para tu veh\u00edculo.\u00a0<\/b><\/p>\n<\/td>\n<\/tr>\n<\/tbody>\n<\/table>\n<h2><\/h2>\n<h2><span class=\"ez-toc-section\" id=\"Peugeot_lanza_el_mercado_nuevos_modelos_de_vehiculos_electricos\"><\/span><span style=\"color: #ff6600;\"><b>Peugeot lanza el mercado nuevos modelos de veh\u00edculos el\u00e9ctricos\u00a0<\/b><\/span><span class=\"ez-toc-section-end\"><\/span><\/h2>\n<p><span style=\"font-weight: 400;\">Por supuesto, el nuevo <\/span><b>modelo Peugeot 5008 <\/b><span style=\"font-weight: 400;\">es uno de los m\u00e1s relevantes hasta ahora tomando en cuenta sus caracter\u00edsticas t\u00e9cnicas, aspectos relacionados al dise\u00f1o y la exclusividad de su ensamblaje.\u00a0<\/span><\/p>\n<p><span style=\"font-weight: 400;\">Sin embargo, en los \u00faltimos meses la empresa ha apostado por la producci\u00f3n de medios de transporte con funcionamiento el\u00e9ctrico o con mecanismos h\u00edbridos suaves, y ya dispone de al menos tres veh\u00edculos siguiendo esta l\u00ednea de producci\u00f3n.\u00a0<\/span><\/p>\n<p><span style=\"font-weight: 400;\">En relaci\u00f3n al motor y a la bater\u00eda, se estima una capacidad de autonom\u00eda extensa para un rendimiento ejemplar e incluso en viajes de larga duraci\u00f3n. Se ha hablado de un <\/span><b>motor de 230 CV y 98 kWh<\/b><span style=\"font-weight: 400;\">, logrando una autonom\u00eda de 660 km.\u00a0<\/span><\/p>\n<p><span style=\"font-weight: 400;\">Por su parte, la toma de carga para reactivar la bater\u00eda est\u00e1 ubicada en el lateral izquierdo del veh\u00edculo y tiene dos formas de carga a trav\u00e9s de corriente directa o por medio de corriente alterna. La marca considera que en solo 30 minutos la bater\u00eda puede recobrar el 80% de su carga.\u00a0<\/span><\/p>\n<p><span style=\"font-weight: 400;\">Este es un excelente momento para la compa\u00f1\u00eda quien no solo ha sorprendido en el mercado con el cercano lanzamiento de su modelo Peugeot 5008, sino que dispondr\u00e1 de varias opciones h\u00edbridas con proyecci\u00f3n al 2025.\u00a0<\/span><\/p>\n<p><span style=\"font-weight: 400;\">En t\u00e9rminos de precio, no se tiene una cifra a\u00fan establecida en cuanto a lo que costar\u00e1 la SUV de 7 plazas Peugeot 5008, pero l\u00f3gicamente no est\u00e1 dentro de la gama m\u00e1s econ\u00f3mica de la compa\u00f1\u00eda, cuando se est\u00e9 cerca del oto\u00f1o seguramente se conocer\u00e1 este dato.\u00a0<\/span><\/p>\n","protected":false},"excerpt":{"rendered":"<p>\u00bfTe imaginas un coche que combine a la perfecci\u00f3n la tendencia ecol\u00f3gica con la tecnolog\u00eda? Pues se trata del nuevo Peugeot 5008, un impresionante SUV de siete plazas con unas integraciones fascinantes para aumentar la comodidad.\u00a0 La marca ya ha dado a conocer que estar\u00e1 disponible en dos modelos en donde la diferencia son los [&hellip;]<\/p>\n","protected":false},"author":3,"featured_media":1108,"comment_status":"open","ping_status":"open","sticky":false,"template":"","format":"standard","meta":{"_et_pb_use_builder":"","_et_pb_old_content":"","_et_gb_content_width":"","footnotes":""},"categories":[4],"tags":[694,695,696,692,693],"class_list":["post-1107","post","type-post","status-publish","format-standard","has-post-thumbnail","hentry","category-noticia","tag-caracteristicas-peugeot-5008","tag-comparativa-peugeot-5008","tag-cuanto-cuesta-el-peugeot-5008","tag-peugeot-5008","tag-precio-peugeot-5008"],"_links":{"self":[{"href":"https:\/\/www.seguros-impagoalquiler.es\/blog\/wp-json\/wp\/v2\/posts\/1107","targetHints":{"allow":["GET"]}}],"collection":[{"href":"https:\/\/www.seguros-impagoalquiler.es\/blog\/wp-json\/wp\/v2\/posts"}],"about":[{"href":"https:\/\/www.seguros-impagoalquiler.es\/blog\/wp-json\/wp\/v2\/types\/post"}],"author":[{"embeddable":true,"href":"https:\/\/www.seguros-impagoalquiler.es\/blog\/wp-json\/wp\/v2\/users\/3"}],"replies":[{"embeddable":true,"href":"https:\/\/www.seguros-impagoalquiler.es\/blog\/wp-json\/wp\/v2\/comments?post=1107"}],"version-history":[{"count":1,"href":"https:\/\/www.seguros-impagoalquiler.es\/blog\/wp-json\/wp\/v2\/posts\/1107\/revisions"}],"predecessor-version":[{"id":1109,"href":"https:\/\/www.seguros-impagoalquiler.es\/blog\/wp-json\/wp\/v2\/posts\/1107\/revisions\/1109"}],"wp:featuredmedia":[{"embeddable":true,"href":"https:\/\/www.seguros-impagoalquiler.es\/blog\/wp-json\/wp\/v2\/media\/1108"}],"wp:attachment":[{"href":"https:\/\/www.seguros-impagoalquiler.es\/blog\/wp-json\/wp\/v2\/media?parent=1107"}],"wp:term":[{"taxonomy":"category","embeddable":true,"href":"https:\/\/www.seguros-impagoalquiler.es\/blog\/wp-json\/wp\/v2\/categories?post=1107"},{"taxonomy":"post_tag","embeddable":true,"href":"https:\/\/www.seguros-impagoalquiler.es\/blog\/wp-json\/wp\/v2\/tags?post=1107"}],"curies":[{"name":"wp","href":"https:\/\/api.w.org\/{rel}","templated":true}]}}